{"id":93011,"date":"2023-06-26T12:42:37","date_gmt":"2023-06-26T15:42:37","guid":{"rendered":"https:\/\/laurbedigital.com.ar\/noticias\/?p=93011"},"modified":"2023-06-26T12:42:56","modified_gmt":"2023-06-26T15:42:56","slug":"el-municipio-y-causa-comun-entregaron-bibliotecas-a-familias-de-barrio-lindo","status":"publish","type":"post","link":"https:\/\/laurbedigital.com.ar\/noticias\/2023\/06\/26\/el-municipio-y-causa-comun-entregaron-bibliotecas-a-familias-de-barrio-lindo\/","title":{"rendered":"El Municipio y \u00abCausa Com\u00fan\u00bb entregaron bibliotecas a familias de Barrio Lindo"},"content":{"rendered":"<div>\n<h6><\/h6>\n<h6><strong>El Municipio de Almirante Brown, a trav\u00e9s del programa solidario Causa Com\u00fan Brown, llev\u00f3 adelante el programa \u201cBibliotecas Familiares\u201d y entreg\u00f3 kits de libros con repisas a 140 familias que fueron relocalizadas en Barrio Lindo, en la localidad de Malvinas Argentinas.<\/strong><\/h6>\n<div>\n<p>La actividad se realiz\u00f3 en el CIC ubicado en el cruce de las calles Pasteur y Lapacho, donde Mariano Cascallares y el intendente interino de Almirante Brown, Juan Fabiani, hicieron entrega de las bibliotecas con la impronta de generar espacios de lectura en los nuevos hogares.<\/p>\n<p>Se trata del proyecto \u201cEl camino de don\u00e1 un libro, don\u00e1 una historia\u201d, una iniciativa impulsada por el programa Causa Com\u00fan Brown, junto a instituciones de bien p\u00fablico, para promover el contacto con un libro desde el hogar y desde la ni\u00f1ez en adelante, creando un v\u00ednculo con la lectura desde la primera edad.<\/p>\n<p><img loading=\"lazy\" decoding=\"async\" class=\"alignnone size-full wp-image-93013\" src=\"https:\/\/laurbedigital.com.ar\/noticias\/wp-content\/uploads\/2023\/06\/biblioteca.jpg\" alt=\"\" width=\"1600\" height=\"1067\" title=\"\" srcset=\"https:\/\/laurbedigital.com.ar\/noticias\/wp-content\/uploads\/2023\/06\/biblioteca.jpg 1600w, https:\/\/laurbedigital.com.ar\/noticias\/wp-content\/uploads\/2023\/06\/biblioteca-300x200.jpg 300w, https:\/\/laurbedigital.com.ar\/noticias\/wp-content\/uploads\/2023\/06\/biblioteca-1024x683.jpg 1024w, https:\/\/laurbedigital.com.ar\/noticias\/wp-content\/uploads\/2023\/06\/biblioteca-768x512.jpg 768w, https:\/\/laurbedigital.com.ar\/noticias\/wp-content\/uploads\/2023\/06\/biblioteca-1536x1024.jpg 1536w\" sizes=\"auto, (max-width: 1600px) 100vw, 1600px\" \/><\/p>\n<\/div>\n<div>\n<p>Este importante programa consisti\u00f3, en primer lugar, con una campa\u00f1a de donaci\u00f3n de libros por parte de la comunidad, que incluy\u00f3 stands en las \u00faltimas dos ediciones de la Feria Internacional del Libro de Almirante Brown, lo cual permiti\u00f3 la recolecci\u00f3n de m\u00e1s de 4.400 libros.<\/p>\n<p>Luego, los distintos ejemplares fueron clasificados por la Asociaci\u00f3n de Bibliotecarios Graduados de la Rep\u00fablica Argentina (ABGRA) y Fueguitos, mientras que los estantes fueron construidos por la cooperativa del Polo Productivo del programa Potenciar Trabajo. Adem\u00e1s, la encargada de colocar las repisas en las casas es la Delegaci\u00f3n de Malvinas Argentinas.<\/p>\n<p>De esta manera, las familias que fueron recientemente relocalizadas en las nuevas viviendas de Barrio Lindo tendr\u00e1n un primer espacio de lectura en su hogar. Cabe recordar que se trata de vecinos y vecinas que estaban asentadas en el margen de los arroyos comprendidos en la Cuenca Matanza y que fueron reasignadas a las nuevas viviendas.<\/p>\n<\/div>\n<h6>\u201cEstamos muy contentos con esta iniciativa impulsada junto con Causa Com\u00fan Brown para acercar la lectura a nuestros vecinos y vecinas y, especialmente, a las familias que recientemente se mudaron a Barrio Lindo 1. Esta iniciativa nace con una impronta solidaria y concluye de la mejor manera: con ni\u00f1os y ni\u00f1as felices\u201d, subray\u00f3 Mariano Cascallares.<\/h6>\n<p><img loading=\"lazy\" decoding=\"async\" class=\"alignnone size-full wp-image-93014\" src=\"https:\/\/laurbedigital.com.ar\/noticias\/wp-content\/uploads\/2023\/06\/biblioteca6.jpg\" alt=\"\" width=\"1600\" height=\"1067\" title=\"\" srcset=\"https:\/\/laurbedigital.com.ar\/noticias\/wp-content\/uploads\/2023\/06\/biblioteca6.jpg 1600w, https:\/\/laurbedigital.com.ar\/noticias\/wp-content\/uploads\/2023\/06\/biblioteca6-300x200.jpg 300w, https:\/\/laurbedigital.com.ar\/noticias\/wp-content\/uploads\/2023\/06\/biblioteca6-1024x683.jpg 1024w, https:\/\/laurbedigital.com.ar\/noticias\/wp-content\/uploads\/2023\/06\/biblioteca6-768x512.jpg 768w, https:\/\/laurbedigital.com.ar\/noticias\/wp-content\/uploads\/2023\/06\/biblioteca6-1536x1024.jpg 1536w\" sizes=\"auto, (max-width: 1600px) 100vw, 1600px\" \/><\/p>\n<div>La actividad cont\u00f3 adem\u00e1s con la presencia del presidente del Concejo Deliberante, Nicol\u00e1s Jawtuschenko; la subsecretaria de Familia y Pol\u00edticas Sociales, Leda Quintana; la subsecretaria de Tierras, Rosana Riccieri; la directora General de Gesti\u00f3n P\u00fablica, Mariel Casaforte; la delegada Antonella Napoli, y la presidenta de ABGRA, Mar\u00eda Silvia Lacorazza, entre otras autoridades.<\/div>\n<\/div>\n<div class=\"yj6qo\"><\/div>\n<div class=\"adL\"><\/div>\n","protected":false},"excerpt":{"rendered":"<p>El Municipio de Almirante Brown, a trav\u00e9s del programa solidario Causa Com\u00fan Brown, llev\u00f3 adelante el programa \u201cBibliotecas Familiares\u201d y<\/p>\n","protected":false},"author":1,"featured_media":93012,"comment_status":"closed","ping_status":"closed","sticky":false,"template":"","format":"standard","meta":{"kia_subtitle":"","footnotes":"","jetpack_publicize_message":"El Municipio y \"Causa Com\u00fan\" entregaron bibliotecas a familias de Barrio Lindo","jetpack_publicize_feature_enabled":true,"jetpack_social_post_already_shared":true,"jetpack_social_options":{"image_generator_settings":{"template":"highway","default_image_id":0,"font":"","enabled":false},"version":2}},"categories":[2,33],"tags":[],"class_list":["post-93011","post","type-post","status-publish","format-standard","has-post-thumbnail","hentry","category-alte-brown","category-alte-brown-alte-brown"],"jetpack_publicize_connections":[],"jetpack_featured_media_url":"https:\/\/laurbedigital.com.ar\/noticias\/wp-content\/uploads\/2023\/06\/20230626-Brown-Causa-Comun-Cascallares.jpg","_links":{"self":[{"href":"https:\/\/laurbedigital.com.ar\/noticias\/wp-json\/wp\/v2\/posts\/93011","targetHints":{"allow":["GET"]}}],"collection":[{"href":"https:\/\/laurbedigital.com.ar\/noticias\/wp-json\/wp\/v2\/posts"}],"about":[{"href":"https:\/\/laurbedigital.com.ar\/noticias\/wp-json\/wp\/v2\/types\/post"}],"author":[{"embeddable":true,"href":"https:\/\/laurbedigital.com.ar\/noticias\/wp-json\/wp\/v2\/users\/1"}],"replies":[{"embeddable":true,"href":"https:\/\/laurbedigital.com.ar\/noticias\/wp-json\/wp\/v2\/comments?post=93011"}],"version-history":[{"count":3,"href":"https:\/\/laurbedigital.com.ar\/noticias\/wp-json\/wp\/v2\/posts\/93011\/revisions"}],"predecessor-version":[{"id":93018,"href":"https:\/\/laurbedigital.com.ar\/noticias\/wp-json\/wp\/v2\/posts\/93011\/revisions\/93018"}],"wp:featuredmedia":[{"embeddable":true,"href":"https:\/\/laurbedigital.com.ar\/noticias\/wp-json\/wp\/v2\/media\/93012"}],"wp:attachment":[{"href":"https:\/\/laurbedigital.com.ar\/noticias\/wp-json\/wp\/v2\/media?parent=93011"}],"wp:term":[{"taxonomy":"category","embeddable":true,"href":"https:\/\/laurbedigital.com.ar\/noticias\/wp-json\/wp\/v2\/categories?post=93011"},{"taxonomy":"post_tag","embeddable":true,"href":"https:\/\/laurbedigital.com.ar\/noticias\/wp-json\/wp\/v2\/tags?post=93011"}],"curies":[{"name":"wp","href":"https:\/\/api.w.org\/{rel}","templated":true}]}}