{"id":9292,"date":"2017-11-03T22:29:36","date_gmt":"2017-11-04T01:29:36","guid":{"rendered":"http:\/\/laurbedigital.com.ar\/noticias\/?p=9292"},"modified":"2017-11-08T08:31:29","modified_gmt":"2017-11-08T11:31:29","slug":"detienen-a-un-violador","status":"publish","type":"post","link":"https:\/\/laurbedigital.com.ar\/noticias\/2017\/11\/03\/detienen-a-un-violador\/","title":{"rendered":"Detienen a un violador"},"content":{"rendered":"<p>Se trat\u00f3 de un operativo conjunto entre la Comisar\u00eda de la Familia de Almirante Brown y la Comisaria de Glew.<\/p>\n<p>El hecho se desarroll\u00f3 cuando una se\u00f1ora se acerc\u00f3 a la comisar\u00eda de la familia para denunciar la violaci\u00f3n sufrida por su sobrina.<\/p>\n<p>La se\u00f1ora relat\u00f3 que cuando su sobrina de 14 a\u00f1os no quiso desayunar, al momento de levantarse de la mesa y retirarse, pudo ver que la joven se hab\u00eda realizado varios cortes en la cara interna de mu\u00f1eca de ambas manos, ante lo cual, al entrevistarla y preguntarle el porqu\u00e9 de su esto, le confes\u00f3 haber sido violada por su padre.<\/p>\n<p>Despu\u00e9s de contener a la v\u00edctima, la titular de la comisar\u00eda de familia mantuvo una comunicaci\u00f3n con la fiscal\u00eda en turno y recibi\u00f3 la orden de proceder a la detenci\u00f3n del agresor. Se trataba de un hombre de 44 a\u00f1os y vecino de Glew, quien gracias a la colaboraci\u00f3n del personal de la Comisarr\u00eda de esa localidad qued\u00f3 detenido por ABUSO SEXUAL CON ACCESO CARNAL AGRAVADO<\/p>\n","protected":false},"excerpt":{"rendered":"<p>Se trat\u00f3 de un operativo conjunto entre la Comisar\u00eda de la Familia de Almirante Brown y la Comisaria de Glew.<\/p>\n","protected":false},"author":1,"featured_media":9293,"comment_status":"closed","ping_status":"closed","sticky":false,"template":"","format":"standard","meta":{"kia_subtitle":"","footnotes":"","jetpack_publicize_message":"","jetpack_publicize_feature_enabled":true,"jetpack_social_post_already_shared":true,"jetpack_social_options":{"image_generator_settings":{"template":"highway","default_image_id":0,"font":"","enabled":false},"version":2}},"categories":[33,8],"tags":[],"class_list":["post-9292","post","type-post","status-publish","format-standard","has-post-thumbnail","hentry","category-alte-brown-alte-brown","category-policiales"],"jetpack_publicize_connections":[],"jetpack_featured_media_url":"https:\/\/laurbedigital.com.ar\/noticias\/wp-content\/uploads\/2017\/11\/20171103-brown5.jpg","_links":{"self":[{"href":"https:\/\/laurbedigital.com.ar\/noticias\/wp-json\/wp\/v2\/posts\/9292","targetHints":{"allow":["GET"]}}],"collection":[{"href":"https:\/\/laurbedigital.com.ar\/noticias\/wp-json\/wp\/v2\/posts"}],"about":[{"href":"https:\/\/laurbedigital.com.ar\/noticias\/wp-json\/wp\/v2\/types\/post"}],"author":[{"embeddable":true,"href":"https:\/\/laurbedigital.com.ar\/noticias\/wp-json\/wp\/v2\/users\/1"}],"replies":[{"embeddable":true,"href":"https:\/\/laurbedigital.com.ar\/noticias\/wp-json\/wp\/v2\/comments?post=9292"}],"version-history":[{"count":1,"href":"https:\/\/laurbedigital.com.ar\/noticias\/wp-json\/wp\/v2\/posts\/9292\/revisions"}],"predecessor-version":[{"id":9294,"href":"https:\/\/laurbedigital.com.ar\/noticias\/wp-json\/wp\/v2\/posts\/9292\/revisions\/9294"}],"wp:featuredmedia":[{"embeddable":true,"href":"https:\/\/laurbedigital.com.ar\/noticias\/wp-json\/wp\/v2\/media\/9293"}],"wp:attachment":[{"href":"https:\/\/laurbedigital.com.ar\/noticias\/wp-json\/wp\/v2\/media?parent=9292"}],"wp:term":[{"taxonomy":"category","embeddable":true,"href":"https:\/\/laurbedigital.com.ar\/noticias\/wp-json\/wp\/v2\/categories?post=9292"},{"taxonomy":"post_tag","embeddable":true,"href":"https:\/\/laurbedigital.com.ar\/noticias\/wp-json\/wp\/v2\/tags?post=9292"}],"curies":[{"name":"wp","href":"https:\/\/api.w.org\/{rel}","templated":true}]}}