{"id":92570,"date":"2023-06-12T00:50:53","date_gmt":"2023-06-12T03:50:53","guid":{"rendered":"https:\/\/laurbedigital.com.ar\/noticias\/?p=92570"},"modified":"2023-06-12T00:52:45","modified_gmt":"2023-06-12T03:52:45","slug":"el-sector-hotelero-y-gastronomico-batio-su-record-historico-de-empleo-registrado","status":"publish","type":"post","link":"https:\/\/laurbedigital.com.ar\/noticias\/2023\/06\/12\/el-sector-hotelero-y-gastronomico-batio-su-record-historico-de-empleo-registrado\/","title":{"rendered":"El sector hotelero y gastron\u00f3mico bati\u00f3 su r\u00e9cord hist\u00f3rico de empleo registrado"},"content":{"rendered":"<p>&nbsp;<\/p>\n<h6 class=\"news-headline__article-summary\"><strong>Seg\u00fan un informe del Ministerio de Trabajo, este sector merc\u00f3 un crecimiento interanual del 16,7% en marzo.<\/strong><\/h6>\n<p>Un informe del\u00a0Panorama mensual del Trabajo Registrado\u00a0elaborador por el\u00a0<strong>Ministerio de Trabajo\u00a0<\/strong>marc\u00f3 que el rubro\u00a0<strong>hoteles y restaurantes<\/strong>\u00a0fue el sector que lider\u00f3 el crecimiento de trabajadores con empleo registrado durante marzo con un\u00a0<strong>crecimiento interanual del 16,7%.\u00a0<\/strong>De esta forma el sector tur\u00edstico bati\u00f3 su r\u00e9cord hist\u00f3rico de empleo.<\/p>\n<p>Otros\u00a0<strong>cinco sectores<\/strong>\u00a0tambi\u00e9n alcanzaron el m\u00e1ximo de la serie hist\u00f3rica en el nivel de empleo formal privado en marzo de 2023:\u00a0<strong>\u201ccomercio\u201d, \u201cservicios empresariales\u201d, \u201csalud\u201d, \u201cminer\u00eda\u201d y \u201csuministro de electricidad, gas y agua\u201d.<\/strong><\/p>\n<p>Al respecto, el Ministro de Turismo y Deportes,\u00a0<strong>Mat\u00edas Lammens<\/strong>, manifest\u00f3 que\u00a0<strong>\u00abestos datos de empleo, como el de creaci\u00f3n de empresas, o el del crecimiento\u00a0<\/strong>del turismo receptivo, dan cuenta de que el sector tur\u00edstico se ha transformado en un motor clave de la econom\u00eda\u00bb.<\/p>\n<p>Destac\u00f3, asimismo, que \u00abcon\u00a0<strong>PreViaje 4\u00a0<\/strong>se va conseguir que en temporada baja estos n\u00fameros tan auspiciosos se sostengan a la espera de lo que va a ser unas vacaiones de invierno absolutamente r\u00e9cord\u00bb.<\/p>\n<p>El informe oficial tambi\u00e9n da cuenta de que<strong>\u00a0el crecimiento mensual desestacionalizado fue del 1%<\/strong>\u00a0con respecto a febrero y se ubic\u00f3 segundo, detr\u00e1s de la construcci\u00f3n, entre los sectores que m\u00e1s crecieron.<\/p>\n<p>De acuerdo a los resultados del procesamiento de la informaci\u00f3n del\u00a0<strong>Sistema Integrado Previsional Argentino<\/strong>\u00a0(SIPA), en\u00a0<strong>marzo de 2023<\/strong>, el empleo asalariado registrado del sector privado\u00a0<strong>creci\u00f3 un 0,3% con respecto al mes anterior\u00a0<\/strong>(serie sin estacionalidad). Durante este \u00faltimo mes,\u00a0<strong>alrededor de 19 mil personas accedieron al empleo asalariado formal privado.<\/strong><\/p>\n<p>Con la expansi\u00f3n verificada en marzo de 2023, s<strong>e acumulan 32 meses de crecimiento consecutivo del empleo asalariado registrado del sector privado<\/strong>. El n\u00famero de trabajadores con empleo asalariado registrado es el m\u00e1s elevado desde enero de 2009, mes en el que se inicia la serie estad\u00edstica analizada.<\/p>\n","protected":false},"excerpt":{"rendered":"<p>&nbsp; Seg\u00fan un informe del Ministerio de Trabajo, este sector merc\u00f3 un crecimiento interanual del 16,7% en marzo. Un informe<\/p>\n","protected":false},"author":1,"featured_media":92562,"comment_status":"closed","ping_status":"closed","sticky":false,"template":"","format":"standard","meta":{"kia_subtitle":"","footnotes":"","jetpack_publicize_message":"El sector hotelero y gastron\u00f3mico bati\u00f3 su r\u00e9cord hist\u00f3rico de empleo registrado","jetpack_publicize_feature_enabled":true,"jetpack_social_post_already_shared":true,"jetpack_social_options":{"image_generator_settings":{"template":"highway","default_image_id":0,"font":"","enabled":false},"version":2}},"categories":[3,41],"tags":[],"class_list":["post-92570","post","type-post","status-publish","format-standard","has-post-thumbnail","hentry","category-actualidad","category-nacionales"],"jetpack_publicize_connections":[],"jetpack_featured_media_url":"https:\/\/laurbedigital.com.ar\/noticias\/wp-content\/uploads\/2023\/06\/20230612-gastronomico.jpg","_links":{"self":[{"href":"https:\/\/laurbedigital.com.ar\/noticias\/wp-json\/wp\/v2\/posts\/92570","targetHints":{"allow":["GET"]}}],"collection":[{"href":"https:\/\/laurbedigital.com.ar\/noticias\/wp-json\/wp\/v2\/posts"}],"about":[{"href":"https:\/\/laurbedigital.com.ar\/noticias\/wp-json\/wp\/v2\/types\/post"}],"author":[{"embeddable":true,"href":"https:\/\/laurbedigital.com.ar\/noticias\/wp-json\/wp\/v2\/users\/1"}],"replies":[{"embeddable":true,"href":"https:\/\/laurbedigital.com.ar\/noticias\/wp-json\/wp\/v2\/comments?post=92570"}],"version-history":[{"count":4,"href":"https:\/\/laurbedigital.com.ar\/noticias\/wp-json\/wp\/v2\/posts\/92570\/revisions"}],"predecessor-version":[{"id":92574,"href":"https:\/\/laurbedigital.com.ar\/noticias\/wp-json\/wp\/v2\/posts\/92570\/revisions\/92574"}],"wp:featuredmedia":[{"embeddable":true,"href":"https:\/\/laurbedigital.com.ar\/noticias\/wp-json\/wp\/v2\/media\/92562"}],"wp:attachment":[{"href":"https:\/\/laurbedigital.com.ar\/noticias\/wp-json\/wp\/v2\/media?parent=92570"}],"wp:term":[{"taxonomy":"category","embeddable":true,"href":"https:\/\/laurbedigital.com.ar\/noticias\/wp-json\/wp\/v2\/categories?post=92570"},{"taxonomy":"post_tag","embeddable":true,"href":"https:\/\/laurbedigital.com.ar\/noticias\/wp-json\/wp\/v2\/tags?post=92570"}],"curies":[{"name":"wp","href":"https:\/\/api.w.org\/{rel}","templated":true}]}}