{"id":9237,"date":"2017-11-02T13:46:02","date_gmt":"2017-11-02T16:46:02","guid":{"rendered":"http:\/\/laurbedigital.com.ar\/noticias\/?p=9237"},"modified":"2017-11-02T13:46:02","modified_gmt":"2017-11-02T16:46:02","slug":"el-instituto-de-las-culturas-llevara-a-cabo-la-fiesta-tradicionalista","status":"publish","type":"post","link":"https:\/\/laurbedigital.com.ar\/noticias\/2017\/11\/02\/el-instituto-de-las-culturas-llevara-a-cabo-la-fiesta-tradicionalista\/","title":{"rendered":"El instituto de las culturas llevar\u00e1 a cabo la Fiesta Tradicionalista"},"content":{"rendered":"<p>El encuentro tendr\u00e1 lugar, por primera vez, \u00a0el 19 de este mes durante todo el d\u00eda en Ministro Rivadav\u00eda.<\/p>\n<p>La Primera Fiesta del Tradicionalismo que organiza el Instituto de las Culturas dar\u00e1 comienzo en horas de la ma\u00f1ana en la plaza Eva Per\u00f3n, en Laille y Sandoval (frente a la iglesia Nuestra Se\u00f1ora del Tr\u00e1nsito), con un gran desfile\u00a0gaucho que reunir\u00e1 m\u00e1s de 500 jinetes con sus mejores montas.<\/p>\n<p>La actividad se trasladar\u00e1 luego a las 12.00 a la Granja Municipal. All\u00ed tendr\u00e1 lugar, d\u00eda de fiesta con m\u00fasica en vivo, ballets tradicionales, destrezas criollas, muestras de amansamiento de caballos y la actuaci\u00f3n de n\u00fameros musicales y el final con Luc\u00eda Ceresani y Carlos Ram\u00f3n Fern\u00e1ndez, \u201cEl chacarero cantor\u201d.<\/p>\n<p>Toda esta jornada ser\u00e1 con entrada libre y gratuita. En la Granja Municipal. Juan B. Justo 1100. Ministro Rivadavia.<\/p>\n<p>A su vez, desde el viernes 10 al domingo 12 de noviembre se llevar\u00e1 a cabo la \u00abFeria de la Escuela Latinoamericana\u00bb, edici\u00f3n especial numero 40, con stands y la actuaci\u00f3n de Demi Carabajal y danzas a cargo de los alumnos de la Escuela Latinoamericana, en Falucho 845, Burzaco.<\/p>\n","protected":false},"excerpt":{"rendered":"<p>El encuentro tendr\u00e1 lugar, por primera vez, \u00a0el 19 de este mes durante todo el d\u00eda en Ministro Rivadav\u00eda. La<\/p>\n","protected":false},"author":1,"featured_media":9238,"comment_status":"closed","ping_status":"closed","sticky":false,"template":"","format":"standard","meta":{"kia_subtitle":"","footnotes":"","jetpack_publicize_message":"","jetpack_publicize_feature_enabled":true,"jetpack_social_post_already_shared":true,"jetpack_social_options":{"image_generator_settings":{"template":"highway","default_image_id":0,"font":"","enabled":false},"version":2}},"categories":[33,5],"tags":[],"class_list":["post-9237","post","type-post","status-publish","format-standard","has-post-thumbnail","hentry","category-alte-brown-alte-brown","category-cultura"],"jetpack_publicize_connections":[],"jetpack_featured_media_url":"https:\/\/laurbedigital.com.ar\/noticias\/wp-content\/uploads\/2017\/11\/20171102-brown.jpg","_links":{"self":[{"href":"https:\/\/laurbedigital.com.ar\/noticias\/wp-json\/wp\/v2\/posts\/9237","targetHints":{"allow":["GET"]}}],"collection":[{"href":"https:\/\/laurbedigital.com.ar\/noticias\/wp-json\/wp\/v2\/posts"}],"about":[{"href":"https:\/\/laurbedigital.com.ar\/noticias\/wp-json\/wp\/v2\/types\/post"}],"author":[{"embeddable":true,"href":"https:\/\/laurbedigital.com.ar\/noticias\/wp-json\/wp\/v2\/users\/1"}],"replies":[{"embeddable":true,"href":"https:\/\/laurbedigital.com.ar\/noticias\/wp-json\/wp\/v2\/comments?post=9237"}],"version-history":[{"count":1,"href":"https:\/\/laurbedigital.com.ar\/noticias\/wp-json\/wp\/v2\/posts\/9237\/revisions"}],"predecessor-version":[{"id":9239,"href":"https:\/\/laurbedigital.com.ar\/noticias\/wp-json\/wp\/v2\/posts\/9237\/revisions\/9239"}],"wp:featuredmedia":[{"embeddable":true,"href":"https:\/\/laurbedigital.com.ar\/noticias\/wp-json\/wp\/v2\/media\/9238"}],"wp:attachment":[{"href":"https:\/\/laurbedigital.com.ar\/noticias\/wp-json\/wp\/v2\/media?parent=9237"}],"wp:term":[{"taxonomy":"category","embeddable":true,"href":"https:\/\/laurbedigital.com.ar\/noticias\/wp-json\/wp\/v2\/categories?post=9237"},{"taxonomy":"post_tag","embeddable":true,"href":"https:\/\/laurbedigital.com.ar\/noticias\/wp-json\/wp\/v2\/tags?post=9237"}],"curies":[{"name":"wp","href":"https:\/\/api.w.org\/{rel}","templated":true}]}}