{"id":91979,"date":"2023-05-26T17:24:23","date_gmt":"2023-05-26T20:24:23","guid":{"rendered":"https:\/\/laurbedigital.com.ar\/noticias\/?p=91979"},"modified":"2023-05-26T17:25:53","modified_gmt":"2023-05-26T20:25:53","slug":"el-municipio-de-alte-brown-trabaja-en-los-barrios-junto-a-los-vecinos-afectados-por-el-temporal","status":"publish","type":"post","link":"https:\/\/laurbedigital.com.ar\/noticias\/2023\/05\/26\/el-municipio-de-alte-brown-trabaja-en-los-barrios-junto-a-los-vecinos-afectados-por-el-temporal\/","title":{"rendered":"El Municipio de Alte Brown trabaja en los barrios junto a los vecinos afectados por el temporal"},"content":{"rendered":"<p>&nbsp;<\/p>\n<h6><strong>El Municipio de Almirante Brown inform\u00f3 que desde esta ma\u00f1ana se encuentra trabajando con todos sus equipos de Defensa Civil, Desarrollo Social, las delegaciones municipales y el \u00e1rea de Gesti\u00f3n Descentralizada junto a las vecinas y los vecinos afectados por el temporal que afect\u00f3 a toda la regi\u00f3n metropolitana.<\/strong><\/h6>\n<p>En un trabajo articulado con los Bomberos Voluntarios brownianos, los equipos del Municipio est\u00e1n junto a quienes se vieron afectados por anegamientos fe agua, como tambi\u00e9n por ca\u00edda de \u00e1rboles o de postes de electricidad. La intervenci\u00f3n permiti\u00f3 ir resolviendo cada situaci\u00f3n en todos los casos.<\/p>\n<p><img loading=\"lazy\" decoding=\"async\" class=\"alignnone size-full wp-image-91982\" src=\"https:\/\/laurbedigital.com.ar\/noticias\/wp-content\/uploads\/2023\/05\/20230526-brown-in11.jpg\" alt=\"\" width=\"768\" height=\"428\" title=\"\" srcset=\"https:\/\/laurbedigital.com.ar\/noticias\/wp-content\/uploads\/2023\/05\/20230526-brown-in11.jpg 768w, https:\/\/laurbedigital.com.ar\/noticias\/wp-content\/uploads\/2023\/05\/20230526-brown-in11-300x167.jpg 300w\" sizes=\"auto, (max-width: 768px) 100vw, 768px\" \/><\/p>\n<p><strong>Las autoridades municipales de nuestro distrito recordaron finalmente que ante cualquier emergencia se encuentran disponibles los n\u00fameros 147\u00a0y\u00a04238\u00a0&#8211;\u00a02595.<\/strong><\/p>\n<p>&nbsp;<\/p>\n","protected":false},"excerpt":{"rendered":"<p>&nbsp; El Municipio de Almirante Brown inform\u00f3 que desde esta ma\u00f1ana se encuentra trabajando con todos sus equipos de Defensa<\/p>\n","protected":false},"author":1,"featured_media":91980,"comment_status":"closed","ping_status":"closed","sticky":false,"template":"","format":"standard","meta":{"kia_subtitle":"","footnotes":"","jetpack_publicize_message":"El Municipio de Alte Brown trabaja en los barrios junto a los vecinos afectados por el temporal","jetpack_publicize_feature_enabled":true,"jetpack_social_post_already_shared":true,"jetpack_social_options":{"image_generator_settings":{"template":"highway","default_image_id":0,"font":"","enabled":false},"version":2}},"categories":[2,33],"tags":[],"class_list":["post-91979","post","type-post","status-publish","format-standard","has-post-thumbnail","hentry","category-alte-brown","category-alte-brown-alte-brown"],"jetpack_publicize_connections":[],"jetpack_featured_media_url":"https:\/\/laurbedigital.com.ar\/noticias\/wp-content\/uploads\/2023\/05\/20230526-brown-in.jpg","_links":{"self":[{"href":"https:\/\/laurbedigital.com.ar\/noticias\/wp-json\/wp\/v2\/posts\/91979","targetHints":{"allow":["GET"]}}],"collection":[{"href":"https:\/\/laurbedigital.com.ar\/noticias\/wp-json\/wp\/v2\/posts"}],"about":[{"href":"https:\/\/laurbedigital.com.ar\/noticias\/wp-json\/wp\/v2\/types\/post"}],"author":[{"embeddable":true,"href":"https:\/\/laurbedigital.com.ar\/noticias\/wp-json\/wp\/v2\/users\/1"}],"replies":[{"embeddable":true,"href":"https:\/\/laurbedigital.com.ar\/noticias\/wp-json\/wp\/v2\/comments?post=91979"}],"version-history":[{"count":4,"href":"https:\/\/laurbedigital.com.ar\/noticias\/wp-json\/wp\/v2\/posts\/91979\/revisions"}],"predecessor-version":[{"id":91986,"href":"https:\/\/laurbedigital.com.ar\/noticias\/wp-json\/wp\/v2\/posts\/91979\/revisions\/91986"}],"wp:featuredmedia":[{"embeddable":true,"href":"https:\/\/laurbedigital.com.ar\/noticias\/wp-json\/wp\/v2\/media\/91980"}],"wp:attachment":[{"href":"https:\/\/laurbedigital.com.ar\/noticias\/wp-json\/wp\/v2\/media?parent=91979"}],"wp:term":[{"taxonomy":"category","embeddable":true,"href":"https:\/\/laurbedigital.com.ar\/noticias\/wp-json\/wp\/v2\/categories?post=91979"},{"taxonomy":"post_tag","embeddable":true,"href":"https:\/\/laurbedigital.com.ar\/noticias\/wp-json\/wp\/v2\/tags?post=91979"}],"curies":[{"name":"wp","href":"https:\/\/api.w.org\/{rel}","templated":true}]}}