{"id":91880,"date":"2023-05-24T00:18:50","date_gmt":"2023-05-24T03:18:50","guid":{"rendered":"https:\/\/laurbedigital.com.ar\/noticias\/?p=91880"},"modified":"2023-05-24T02:28:30","modified_gmt":"2023-05-24T05:28:30","slug":"segun-la-historia-clinica-fernando-baez-sosa-murio-en-el-hospital","status":"publish","type":"post","link":"https:\/\/laurbedigital.com.ar\/noticias\/2023\/05\/24\/segun-la-historia-clinica-fernando-baez-sosa-murio-en-el-hospital\/","title":{"rendered":"Seg\u00fan la historia cl\u00ednica, Fernando B\u00e1ez Sosa muri\u00f3 en el hospital"},"content":{"rendered":"<p>&nbsp;<\/p>\n<h6><strong>La informaci\u00f3n aportada por la historia cl\u00ednica ser\u00e1 uno de los elementos utilizados por la defensa de los condenados, a cargo del abogado Hugo Tomei, para insistir ante el Tribunal de Casaci\u00f3n Penal bonaerense en el pedido de \u00abnulidad absoluta del veredicto y la sentencia\u00bb.<\/strong><\/h6>\n<p>La historia cl\u00ednica del hospital de Villa Gesell al que Fernando B\u00e1ez Sosa fue llevado tras ser atacado por los ocho j\u00f3venes condenados por su crimen, cometido en 2020, indic\u00f3 que ingres\u00f3 con vida al lugar y registr\u00f3 actividad card\u00edaca hasta las 5.55, pese a que la sentencia del juicio por el caso estableci\u00f3 que la muerte se produjo m\u00e1s de una hora antes y donde lo hab\u00edan agredido, por lo que la defensa insistir\u00e1 en pedir la nulidad del fallo.<\/p>\n<p>El informe m\u00e9dico elaborado en el Hospital Municipal Arturo Illia precis\u00f3 que\u00a0<strong>B\u00e1ez Sosa (18) lleg\u00f3 al lugar \u00aben estado inconsciente\u00bb a las 5.15, trasladado por una ambulancia, que sufr\u00eda un \u00abparo card\u00edaco\u00bb y que se le practicaron maniobras de reanimaci\u00f3n cardiopulmonar y de desfibrilaci\u00f3n, \u00absin respuesta\u00bb, hasta que se constat\u00f3 su muerte a las 6<\/strong>.<\/p>\n<p>Fuentes vinculadas a la causa indicaron a la agencia de noticias T\u00e9lam que este reporte no form\u00f3 parte del material analizado en el juicio realizado el \u00faltimo verano en el Tribunal Oral en lo Criminal (TOC) 1 de Dolores, pero fue incorporado digitalmente al expediente el mismo d\u00eda de inicio del debate, y este lunes trascendi\u00f3 su contenido a partir de una publicaci\u00f3n de elDiarioAR.<\/p>\n<p>La informaci\u00f3n aportada por la historia cl\u00ednica ser\u00e1 uno de los elementos utilizados por la defensa de los condenados, a cargo del abogado Hugo Tomei, para insistir ante el Tribunal de Casaci\u00f3n Penal bonaerense en el pedido de \u00abnulidad absoluta del veredicto y la sentencia\u00bb que el \u00faltimo 6 de febrero conden\u00f3 a prisi\u00f3n perpetua a cinco de los acusados y a 15 a\u00f1os de c\u00e1rcel a los otros tres.<\/p>\n<p>Fuentes cercanas a la defensa indicaron que la historia cl\u00ednica \u00abcontradice\u00bb a la sentencia y demuestra que \u00abB\u00e1ez Sosa muri\u00f3 en el hospital y\u00a0<strong>la investigaci\u00f3n estuvo mal dirigida desde el inicio<\/strong>\u00ab.<\/p>\n<p>En sus 14 carillas, el informe m\u00e9dico incluy\u00f3 cuatro registros de electrocardiogramas y en tres de ellos -a las 5.27, 5.45 y 5.55- se advirti\u00f3 actividad card\u00edaca hasta que a las 6 constat\u00f3 su fallecimiento la m\u00e9dica Silvia Romero. La hora del fallecimiento coincidi\u00f3 con la indicada por el juez de Garant\u00edas David Mancinelli, quien al elevar a juicio la causa el 4 de febrero de 2021 precis\u00f3 que \u00absiendo las 6 horas, se certific\u00f3 su lamentable fallecimiento por parte del personal del nosocomio local\u00bb.<\/p>\n<p>Para Tomei, estos elementos contradicen el testimonio brindado en la sexta jornada del juicio por la m\u00e9dica ambulancista Carolina Giribaldi Larrosa, integrante del equipo de emergencias que asisti\u00f3 a B\u00e1ez Sosa. Esta\u00a0testigo declar\u00f3 que la v\u00edctima \u00abno ten\u00eda signos vitales\u00bb\u00a0cuando llegaron al lugar del ataque cerca de las 5.05, y que ten\u00eda \u00abpupilas midri\u00e1ticas (dilatadas), no ten\u00eda reflejos, ni movimientos respiratorios, y no ten\u00eda pulso\u00bb.<\/p>\n<p>La m\u00e9dica sostuvo ante los jueces Mar\u00eda Claudia Castro, Christian Rabaia y Emiliano L\u00e1zzari que el joven \u00abno ten\u00eda posibilidad de sobrevida\u00bb con esas lesiones sufridas y detall\u00f3 que tras encontrarlo tirado frente al boliche \u00abLe Brique\u00bb, lo trasladaron al hospital con asistencia de ox\u00edgeno, mientras le practicaban masaje card\u00edaco.<\/p>\n<p>Por su parte, la presidenta del tribunal de juicio consider\u00f3 en la sentencia que estaba\u00a0\u00abplenamente probado\u00bb que \u00abluego de acabar con la vida de Fernando B\u00e1ez Sosa, segundos despu\u00e9s de las 04.45 horas, los ocho imputados se alejaron del lugar\u00bb.<\/p>\n<p>Por el crimen de B\u00e1ez Sosa fueron condenados a prisi\u00f3n perpetua\u00a0<strong>M\u00e1ximo Thomsen (23), Enzo Comelli (23), Mat\u00edas Benicelli (23) y Luciano (21) y Ciro Pertossi (22), mientras que Blas Cinalli (22), Ayrton Viollaz (24) y Lucas Pertossi (24) recibieron una pena de 15 a\u00f1os de c\u00e1rcel, como \u00abpart\u00edcipes secundarios\u00bb.<\/strong><\/p>\n<p>Para los jueces, qued\u00f3 demostrado que los condenados \u00abse organizaron\u00bb para golpear a la v\u00edctima \u00abbrutalmente, en grupo\u00bb, frente al boliche \u00abLe Brique\u00bb, en pleno centro de Gesell.<\/p>\n<p>Los jueces se\u00f1alaron que \u00abha quedado claro mediante pruebas directas y contundentes -testimonios, videos y hallazgos periciales- que cinco (5) de los ocho (8) acusados pusieron mano sobre Fernando B\u00e1ez Sosa, o bien realizaron una conducta indispensable, una vez que la v\u00edctima se encontr\u00f3 rendido y en estado de absoluta indefensi\u00f3n\u00bb.<\/p>\n<p>Los condenados cumplen su pena en la Alcaid\u00eda Penal de Melchor Romero, en La Plata, en el que se encuentran desde el 13 de marzo de 2020.<\/p>\n","protected":false},"excerpt":{"rendered":"<p>&nbsp; La informaci\u00f3n aportada por la historia cl\u00ednica ser\u00e1 uno de los elementos utilizados por la defensa de los condenados,<\/p>\n","protected":false},"author":1,"featured_media":31096,"comment_status":"closed","ping_status":"closed","sticky":false,"template":"","format":"standard","meta":{"kia_subtitle":"","footnotes":"","jetpack_publicize_message":"Seg\u00fan la historia cl\u00ednica, Fernando B\u00e1ez Sosa muri\u00f3 en el hospital","jetpack_publicize_feature_enabled":true,"jetpack_social_post_already_shared":true,"jetpack_social_options":{"image_generator_settings":{"template":"highway","default_image_id":0,"font":"","enabled":false},"version":2}},"categories":[8],"tags":[],"class_list":["post-91880","post","type-post","status-publish","format-standard","has-post-thumbnail","hentry","category-policiales"],"jetpack_publicize_connections":[],"jetpack_featured_media_url":"https:\/\/laurbedigital.com.ar\/noticias\/wp-content\/uploads\/2020\/07\/20200717-fernando.jpg","_links":{"self":[{"href":"https:\/\/laurbedigital.com.ar\/noticias\/wp-json\/wp\/v2\/posts\/91880","targetHints":{"allow":["GET"]}}],"collection":[{"href":"https:\/\/laurbedigital.com.ar\/noticias\/wp-json\/wp\/v2\/posts"}],"about":[{"href":"https:\/\/laurbedigital.com.ar\/noticias\/wp-json\/wp\/v2\/types\/post"}],"author":[{"embeddable":true,"href":"https:\/\/laurbedigital.com.ar\/noticias\/wp-json\/wp\/v2\/users\/1"}],"replies":[{"embeddable":true,"href":"https:\/\/laurbedigital.com.ar\/noticias\/wp-json\/wp\/v2\/comments?post=91880"}],"version-history":[{"count":1,"href":"https:\/\/laurbedigital.com.ar\/noticias\/wp-json\/wp\/v2\/posts\/91880\/revisions"}],"predecessor-version":[{"id":91881,"href":"https:\/\/laurbedigital.com.ar\/noticias\/wp-json\/wp\/v2\/posts\/91880\/revisions\/91881"}],"wp:featuredmedia":[{"embeddable":true,"href":"https:\/\/laurbedigital.com.ar\/noticias\/wp-json\/wp\/v2\/media\/31096"}],"wp:attachment":[{"href":"https:\/\/laurbedigital.com.ar\/noticias\/wp-json\/wp\/v2\/media?parent=91880"}],"wp:term":[{"taxonomy":"category","embeddable":true,"href":"https:\/\/laurbedigital.com.ar\/noticias\/wp-json\/wp\/v2\/categories?post=91880"},{"taxonomy":"post_tag","embeddable":true,"href":"https:\/\/laurbedigital.com.ar\/noticias\/wp-json\/wp\/v2\/tags?post=91880"}],"curies":[{"name":"wp","href":"https:\/\/api.w.org\/{rel}","templated":true}]}}