{"id":91775,"date":"2023-05-21T02:24:46","date_gmt":"2023-05-21T05:24:46","guid":{"rendered":"https:\/\/laurbedigital.com.ar\/noticias\/?p=91775"},"modified":"2023-05-21T02:24:46","modified_gmt":"2023-05-21T05:24:46","slug":"luego-de-la-sequia-pronostican-temporada-de-fuertes-lluvias-en-argentina","status":"publish","type":"post","link":"https:\/\/laurbedigital.com.ar\/noticias\/2023\/05\/21\/luego-de-la-sequia-pronostican-temporada-de-fuertes-lluvias-en-argentina\/","title":{"rendered":"Luego de la sequ\u00eda, pronostican temporada de fuertes lluvias en Argentina"},"content":{"rendered":"<p>&nbsp;<\/p>\n<h6><strong>El impacto de la\u00a0sequ\u00eda\u00a0en la\u00a0producci\u00f3n agropecuaria\u00a0y en el ingreso de divisas constituye uno de los factores que m\u00e1s determinaron el rumbo econ\u00f3mico anual de la\u00a0Argentina, que incluso lo considera como uno de los aspectos fundamentales para\u00a0rediscutir el acuerdo con el\u00a0FMI. En ese marco, la\u00a0Organizaci\u00f3n de las Naciones Unidas para la Alimentaci\u00f3n y la Agricultura (FAO)\u00a0advirti\u00f3 la llegada de\u00a0lluvias excesivas\u00a0este mismo a\u00f1o.<\/strong><\/h6>\n<article class=\"article-body article-body--second-paragraph content-protected-false\"><strong>Las precipitaciones ocurrir\u00edan en el marco del\u00a0fen\u00f3meno El Ni\u00f1o, que impacta en\u00a0Sudam\u00e9rica\u00a0con mayor intensidad que otras regiones.<\/strong>\u00a0Los estudios se\u00f1alan que la temporada de lluvias ocurrir\u00eda entre el pr\u00f3ximo junio, alcanzando\u00a0un pico a finales del 2023, hasta el primer semestre del 2024. El organismo apunt\u00f3 que no se hab\u00edan registrado temporales de las caracter\u00edsticas del fen\u00f3meno El Ni\u00f1o desde el 2020, y que existe un\u00a073% de probabilidades\u00a0que se concrete la situaci\u00f3n meteorol\u00f3gica.<\/article>\n<article class=\"article-body article-body--third-paragraph content-protected-false\">De esta manera, pa\u00edses como\u00a0Uruguay y Paraguay, junto a la\u00a0Argentina, se encuentran entre los pa\u00edses que registrar\u00edan\u00a0lluvias excesivas, mientras que\u00a0Brasil, el principal productor mundial de soja, se encuentra en riesgo de afrontar condiciones de sequ\u00eda. La situaci\u00f3n ocurre en el marco de estimaciones meteorol\u00f3gicas secas para las principales zonas de cultivo de\u00a0Am\u00e9rica Central, el sur de\u00a0\u00c1frica\u00a0y el\u00a0oriente asi\u00e1tico.<\/p>\n<\/article>\n<article class=\"article-body article-body--fourth-paragraph content-protected-false\"><strong>\u201cEn la Argentina este fen\u00f3meno podr\u00eda aliviar el efecto de la sequ\u00eda en la agricultura\u00a0<\/strong>que ocasion\u00f3 tres a\u00f1os consecutivos del evento contrario al El Ni\u00f1o, La Ni\u00f1a\u201d, analiz\u00f3\u00a0<strong>Oscar Rojas,<\/strong>\u00a0Oficial de Recursos Naturales de la<strong>\u00a0FAO<\/strong>, quien vaticin\u00f3 \u201cuna normalizaci\u00f3n de las precipitaciones en las regiones agr\u00edcolas de la Argentina podr\u00eda significar una producci\u00f3n normal en los cereales\u201d.<\/article>\n<article class=\"article-body article-body--remaining-paragraph content-protected-false\">\n<p class=\"com-paragraph   --s\">El especialista apunt\u00f3 que la regi\u00f3n central del pa\u00eds soportar\u00eda el riesgo de excesos y que \u00abel impacto depender\u00e1 de la intensidad de las lluvias y el estado fenol\u00f3gico del cultivo de trigo en el momento que se presente el\u00a0<strong>exceso h\u00eddrico<\/strong>\u201d. Entrevistado en La Naci\u00f3n, record\u00f3 que\u00a0\u00ab<strong>la acci\u00f3n temprana fortalece la capacidad de supervivencia<\/strong>\u00a0de las poblaciones en peligro: una prioridad clave en el objetivo estrat\u00e9gico de la FAO de incrementar la resiliencia de los medios de vida ante las amenazas y las crisis\u201d.<\/p>\n<p class=\"com-paragraph   --s\">\u201cLos impactos por exceso son m\u00e1s dif\u00edciles de estimar que los impactos provocados por\u00a0<strong>d\u00e9ficit de agua<\/strong>, as\u00ed que no es posible en estos momentos estimar con exactitud si el<strong>\u00a0cultivo de trigo<\/strong>\u00a0se pueda beneficiar o perjudicar\u201d, concluy\u00f3.<\/p>\n<p>&nbsp;<\/p>\n<\/article>\n","protected":false},"excerpt":{"rendered":"<p>&nbsp; El impacto de la\u00a0sequ\u00eda\u00a0en la\u00a0producci\u00f3n agropecuaria\u00a0y en el ingreso de divisas constituye uno de los factores que m\u00e1s determinaron<\/p>\n","protected":false},"author":1,"featured_media":91770,"comment_status":"closed","ping_status":"closed","sticky":false,"template":"","format":"standard","meta":{"kia_subtitle":"","footnotes":"","jetpack_publicize_message":"Luego de la sequ\u00eda, pronostican temporada de fuertes lluvias en Argentina","jetpack_publicize_feature_enabled":true,"jetpack_social_post_already_shared":true,"jetpack_social_options":{"image_generator_settings":{"template":"highway","default_image_id":0,"font":"","enabled":false},"version":2}},"categories":[3,41],"tags":[],"class_list":["post-91775","post","type-post","status-publish","format-standard","has-post-thumbnail","hentry","category-actualidad","category-nacionales"],"jetpack_publicize_connections":[],"jetpack_featured_media_url":"https:\/\/laurbedigital.com.ar\/noticias\/wp-content\/uploads\/2023\/05\/20230521-lluvia-sequia.jpg","_links":{"self":[{"href":"https:\/\/laurbedigital.com.ar\/noticias\/wp-json\/wp\/v2\/posts\/91775","targetHints":{"allow":["GET"]}}],"collection":[{"href":"https:\/\/laurbedigital.com.ar\/noticias\/wp-json\/wp\/v2\/posts"}],"about":[{"href":"https:\/\/laurbedigital.com.ar\/noticias\/wp-json\/wp\/v2\/types\/post"}],"author":[{"embeddable":true,"href":"https:\/\/laurbedigital.com.ar\/noticias\/wp-json\/wp\/v2\/users\/1"}],"replies":[{"embeddable":true,"href":"https:\/\/laurbedigital.com.ar\/noticias\/wp-json\/wp\/v2\/comments?post=91775"}],"version-history":[{"count":2,"href":"https:\/\/laurbedigital.com.ar\/noticias\/wp-json\/wp\/v2\/posts\/91775\/revisions"}],"predecessor-version":[{"id":91777,"href":"https:\/\/laurbedigital.com.ar\/noticias\/wp-json\/wp\/v2\/posts\/91775\/revisions\/91777"}],"wp:featuredmedia":[{"embeddable":true,"href":"https:\/\/laurbedigital.com.ar\/noticias\/wp-json\/wp\/v2\/media\/91770"}],"wp:attachment":[{"href":"https:\/\/laurbedigital.com.ar\/noticias\/wp-json\/wp\/v2\/media?parent=91775"}],"wp:term":[{"taxonomy":"category","embeddable":true,"href":"https:\/\/laurbedigital.com.ar\/noticias\/wp-json\/wp\/v2\/categories?post=91775"},{"taxonomy":"post_tag","embeddable":true,"href":"https:\/\/laurbedigital.com.ar\/noticias\/wp-json\/wp\/v2\/tags?post=91775"}],"curies":[{"name":"wp","href":"https:\/\/api.w.org\/{rel}","templated":true}]}}