{"id":9137,"date":"2017-10-26T11:24:21","date_gmt":"2017-10-26T14:24:21","guid":{"rendered":"http:\/\/laurbedigital.com.ar\/noticias\/?p=9137"},"modified":"2017-10-26T11:24:21","modified_gmt":"2017-10-26T14:24:21","slug":"convocan-a-una-marcha-a-tres-meses-de-la-represion-en-la-que-desaparecio-santiago-maldonado","status":"publish","type":"post","link":"https:\/\/laurbedigital.com.ar\/noticias\/2017\/10\/26\/convocan-a-una-marcha-a-tres-meses-de-la-represion-en-la-que-desaparecio-santiago-maldonado\/","title":{"rendered":"Convocan a una marcha a tres meses de la represi\u00f3n en la que desapareci\u00f3 Santiago Maldonado"},"content":{"rendered":"<p>Organismos de derechos humanos convocaron a marchar el m\u00ed\u00e9rcoles 1 de noviembre a Plaza de Mayo para reclamar justicia por Santiago Maldonado.<\/p>\n<p>La inciativa se realizar\u00e1 al cumplirse otro mes de la represi\u00f3n de Gendarmer\u00eda en la que se vio por \u00faltima vez a Santiago Maldonado y por 80 d\u00edas no se supo nada de \u00e9l hasta que apareci\u00f3 su cuerpo flotando sobre el r\u00edo Chubut. \u00abA tres meses de la represi\u00f3n ilegal de Gendarmer\u00eda ordenada por el Gobierno de Mauricio Macri en el Pu Lof de Cushamen que terminar\u00e1 con la vida de Santiago Maldonado volvemos a marchar por el Castigo a los culpables\u00bb, reza el comunicado.<\/p>\n<p>A continuaci\u00f3n, el texto completo:<\/p>\n<p>\u00abLos Organismos de derechos humanos abajo firmantes conjuntamente con los Familiares y Amigos de Santiago Maldonado convocamos a marchar a Plaza de Mayo el Mi\u00e9rcoles 1 de Noviembre a las18 horas.<\/p>\n<p>A tres meses de la represi\u00f3n ilegal de Gendarmer\u00eda ordenada por el Gobierno de Mauricio Macri en el Pu Lof de Cushamen que terminar\u00e1 con la vida de Santiago Maldonado volvemos a marchar por el Castigo a los culpables.<\/p>\n<p>Convocamos a todos y todas a manifestarnos en todas las plazas del pais y del mundo bajo la consignas Justicia por Santiago Maldonado, Verdad y Justicia. El Gobierno es Responsable\u00bb.<\/p>\n<p>Firman el comunicado: Abuelas de Plaza de Mayo \u2013 Asamblea Permanente por los Derechos Humanos- Asamblea Permanente por los Derechos Humanos de La Matanza \u2013 H.I.J.O.S. Capital \u2013 Asociaci\u00f3n Buena Memoria \u2013 Comisi\u00f3n Memoria, Verdad y Justicia Zona Norte \u2013 Familiares de Desaparecidos y Detenidos por Razones Pol\u00edticas \u2013 Familiares y Compa\u00f1eros de los 12 de la Santa Cruz \u2013 Fundaci\u00f3n Memoria Hist\u00f3rica y Social Argentina \u2013 Liga Argentina por los Derechos del Hombre- Madres de Plaza de Mayo L\u00ednea Fundadora \u2013 Movimiento Ecum\u00e9nico por los Derechos Humanos- Centro de Estudios Legales y Sociales \u2013 Asociaci\u00f3n de Ex Detenidos Desaparecidos \u2013 Asociaci\u00f3n de Profesionales en Lucha (APEL)- Asociaci\u00f3n por el esclarecimiento de la masacre impune de la Amia \u2013 Coordinadora Antirepresiva por los Derechos del Pueblo(CADEP)- CEPRODH &#8211; Comisi\u00f3n de Homenaje a Madres de Plaza de Mayo de Quilmes &#8211; Colectivo Memoria Militante- CORREPI- Equipo Argentino de Trabajo e Investigaci\u00f3n Psicosocial (EATIP)- Familiares y Amigos de Luciano Arruga- LIBERPUEBLO &#8211; H.I.J.O.S. Zona Oeste- Hermanos de desaparecidos por la Verdad y la Justicia- Servicio de Paz y Justicia (SERPAJ).<\/p>\n<p>&nbsp;<\/p>\n","protected":false},"excerpt":{"rendered":"<p>Organismos de derechos humanos convocaron a marchar el m\u00ed\u00e9rcoles 1 de noviembre a Plaza de Mayo para reclamar justicia por<\/p>\n","protected":false},"author":1,"featured_media":9138,"comment_status":"closed","ping_status":"closed","sticky":false,"template":"","format":"standard","meta":{"kia_subtitle":"","footnotes":"","jetpack_publicize_message":"","jetpack_publicize_feature_enabled":true,"jetpack_social_post_already_shared":true,"jetpack_social_options":{"image_generator_settings":{"template":"highway","default_image_id":0,"font":"","enabled":false},"version":2}},"categories":[3,61,41],"tags":[],"class_list":["post-9137","post","type-post","status-publish","format-standard","has-post-thumbnail","hentry","category-actualidad","category-ddhh","category-nacionales"],"jetpack_publicize_connections":[],"jetpack_featured_media_url":"https:\/\/laurbedigital.com.ar\/noticias\/wp-content\/uploads\/2017\/10\/20171026-nac1.jpg","_links":{"self":[{"href":"https:\/\/laurbedigital.com.ar\/noticias\/wp-json\/wp\/v2\/posts\/9137","targetHints":{"allow":["GET"]}}],"collection":[{"href":"https:\/\/laurbedigital.com.ar\/noticias\/wp-json\/wp\/v2\/posts"}],"about":[{"href":"https:\/\/laurbedigital.com.ar\/noticias\/wp-json\/wp\/v2\/types\/post"}],"author":[{"embeddable":true,"href":"https:\/\/laurbedigital.com.ar\/noticias\/wp-json\/wp\/v2\/users\/1"}],"replies":[{"embeddable":true,"href":"https:\/\/laurbedigital.com.ar\/noticias\/wp-json\/wp\/v2\/comments?post=9137"}],"version-history":[{"count":1,"href":"https:\/\/laurbedigital.com.ar\/noticias\/wp-json\/wp\/v2\/posts\/9137\/revisions"}],"predecessor-version":[{"id":9139,"href":"https:\/\/laurbedigital.com.ar\/noticias\/wp-json\/wp\/v2\/posts\/9137\/revisions\/9139"}],"wp:featuredmedia":[{"embeddable":true,"href":"https:\/\/laurbedigital.com.ar\/noticias\/wp-json\/wp\/v2\/media\/9138"}],"wp:attachment":[{"href":"https:\/\/laurbedigital.com.ar\/noticias\/wp-json\/wp\/v2\/media?parent=9137"}],"wp:term":[{"taxonomy":"category","embeddable":true,"href":"https:\/\/laurbedigital.com.ar\/noticias\/wp-json\/wp\/v2\/categories?post=9137"},{"taxonomy":"post_tag","embeddable":true,"href":"https:\/\/laurbedigital.com.ar\/noticias\/wp-json\/wp\/v2\/tags?post=9137"}],"curies":[{"name":"wp","href":"https:\/\/api.w.org\/{rel}","templated":true}]}}