{"id":9110,"date":"2017-10-25T23:27:03","date_gmt":"2017-10-26T02:27:03","guid":{"rendered":"http:\/\/laurbedigital.com.ar\/noticias\/?p=9110"},"modified":"2017-10-25T23:27:03","modified_gmt":"2017-10-26T02:27:03","slug":"la-cidh-respaldo-a-los-organismos-de-derechos-humanos","status":"publish","type":"post","link":"https:\/\/laurbedigital.com.ar\/noticias\/2017\/10\/25\/la-cidh-respaldo-a-los-organismos-de-derechos-humanos\/","title":{"rendered":"La CIDH respald\u00f3 a los organismos de derechos humanos"},"content":{"rendered":"<p>La CIDH escuch\u00f3 a los organismos de derechos humanos, que le reclamaron al Estado la regresi\u00f3n discursiva y de pol\u00edticas p\u00fablicas. Claudio Avruj dijo que eran \u201cfalsas y distorsionadas afirmaciones te\u00f1idas de prejuicios y sostenidas en intereses partidarios\u201d.<\/p>\n<p>\u201cEs un momento de muy fuerte emoci\u00f3n, quiz\u00e1 uno de los momentos m\u00e1s fuertes en mis cuatro a\u00f1os como comisionado\u201d, expres\u00f3 el brasile\u00f1o Paulo Vannuchi, encargado de la Unidad sobre Memoria, Verdad y Justicia de la Comisi\u00f3n Interamericana de Derechos Humanos. \u201cEsta instituci\u00f3n agradece el honor de estar con personas, Abuelas, Madres, militantes, tan importantes en la historia de los derechos humanos de nuestra Am\u00e9rica, por su trabajo, por lo que ha significad para el pueblo con una presencia muy fuerte del Estado argentino\u201d. Ese inesperado y contundente pronunciamiento la Comisi\u00f3n Interamericana de Derechos Humanos se oy\u00f3 en audiencia p\u00fablica celebrada ayer en Montevideo en el marco del 165 periodo de sus sesiones ordinarias. Acaba de terminar parte de la presentaci\u00f3n del caso argentino llevado a la audiencia por trece organismos de derechos humanos que le reclamaron al Estado la regresi\u00f3n discursiva y de pol\u00edticas p\u00fablicas en el proceso de memoria, verdad y justicia. La presidenta de Abuelas de Plaza de Mayo, Estela de Carlotto, encontr\u00f3 en aquellas palabra un \u201caliento del alma\u201d. La contraparte argentina estuvo representada por el secretario de derechos humanos, Claudio Avruj, anclado en un di\u00e1logo imposible y recargado que volvi\u00f3 a encuadrar el diagn\u00f3stico en \u201cfalsas afirmaciones fundadas en prejuicios basados en intereses partidarios\u201d. Cuando las dos partes concluyeron el primer tramo de intervenciones a sala llena y cuando s\u00f3lo se esperaban preguntas de los comisionados, los integrantes de la organizaci\u00f3n de la OEA sorprendieron con el reconocimiento a la lucha de los organismos y una dura exhortaci\u00f3n al Estado argentino a buscar un mecanismo de di\u00e1logo que no cuestione los acuerdos b\u00e1sicos del pacto democr\u00e1tico.<\/p>\n<p>\u201cTambi\u00e9n en Alemania siempre hay presiones para alguna regresi\u00f3n y la democracia de Alemania no transgrede: el holocausto de Alemania fue lo que fue \u2013expres\u00f3 Vannuchi\u2014, el nazismo fue lo que fue. Y el terror de Estado de Argentina fue lo que fue y debe existir ese nuevo consenso en la nueva Argentina democr\u00e1tica\u201d, dijo. \u201cEn ese sentido solo me cabe un pedido al Estado argentino -dijo\u2013 que de hecho siga en una posici\u00f3n que fue simbolizada por un hecho importante el 24 de marzo del a\u00f1o pasado cuando el presidente Mauricio Macri llev\u00f3 a Barack Obama al Parque de la Memoria. Eso tenia un fuerte significado. Que el tema no es de derecha o de izquierda, sino de Estado. Pero la foto muy bella es una foto que obliga, que crea compromisos: los compromisos se merecen que el gobierno busque mecanismos de di\u00e1logo desde sus autoridades. Y claro, en las democracias seguir\u00e1n siempre los desacuerdos, las cifras, los n\u00fameros, pero dentro de un pacto fundamental en el que Argentina era la referencia\u201d. En esa sinton\u00eda, con una la sala que aplaudi\u00f3 efusiva, se oy\u00f3 enseguida al presidente de la CIDH, el peruano Francisco Eguiguren, relator para los casos de Argentina en un continuado de intervenciones que parec\u00edan adelantar en el tono urgente del vivo aquello que en otras ocasiones hubiesen dejado en manos de los comunicados. \u201cQuiero reafirmar que la posici\u00f3n institucional de la CIDH, la lealtad con su historia est\u00e1 claramente vinculada la lucha por la verdad, la justicia y la memoria, no a la impunidad\u201d, dijo Eguiguren. \u201cHay temas que son verdad hist\u00f3rica: la dictadura, las desapariciones, los cr\u00edmenes de lesa humanidad. La comisi\u00f3n est\u00e1 comprometida con eso y en eso seguir\u00e1 siempre. No importa quienes estemos en ella\u201d. El presidente de la CIDH reiter\u00f3 la preocupaci\u00f3n de la Comisi\u00f3n por el fallo en el caso Mui\u00f1a del 2 x 1 y la interpretaci\u00f3n de la Corte Suprema en el caso de Fontevecchia y D\u2019Amico, que implica el desconocimiento de los fallos de la Corte Interamericana, y que se sigue tramitando ante ese organismo.<\/p>\n","protected":false},"excerpt":{"rendered":"<p>La CIDH escuch\u00f3 a los organismos de derechos humanos, que le reclamaron al Estado la regresi\u00f3n discursiva y de pol\u00edticas<\/p>\n","protected":false},"author":1,"featured_media":9111,"comment_status":"closed","ping_status":"closed","sticky":false,"template":"","format":"standard","meta":{"kia_subtitle":"","footnotes":"","jetpack_publicize_message":"","jetpack_publicize_feature_enabled":true,"jetpack_social_post_already_shared":true,"jetpack_social_options":{"image_generator_settings":{"template":"highway","default_image_id":0,"font":"","enabled":false},"version":2}},"categories":[3,61,41],"tags":[],"class_list":["post-9110","post","type-post","status-publish","format-standard","has-post-thumbnail","hentry","category-actualidad","category-ddhh","category-nacionales"],"jetpack_publicize_connections":[],"jetpack_featured_media_url":"https:\/\/laurbedigital.com.ar\/noticias\/wp-content\/uploads\/2017\/10\/20171025-nac2.jpg","_links":{"self":[{"href":"https:\/\/laurbedigital.com.ar\/noticias\/wp-json\/wp\/v2\/posts\/9110","targetHints":{"allow":["GET"]}}],"collection":[{"href":"https:\/\/laurbedigital.com.ar\/noticias\/wp-json\/wp\/v2\/posts"}],"about":[{"href":"https:\/\/laurbedigital.com.ar\/noticias\/wp-json\/wp\/v2\/types\/post"}],"author":[{"embeddable":true,"href":"https:\/\/laurbedigital.com.ar\/noticias\/wp-json\/wp\/v2\/users\/1"}],"replies":[{"embeddable":true,"href":"https:\/\/laurbedigital.com.ar\/noticias\/wp-json\/wp\/v2\/comments?post=9110"}],"version-history":[{"count":1,"href":"https:\/\/laurbedigital.com.ar\/noticias\/wp-json\/wp\/v2\/posts\/9110\/revisions"}],"predecessor-version":[{"id":9112,"href":"https:\/\/laurbedigital.com.ar\/noticias\/wp-json\/wp\/v2\/posts\/9110\/revisions\/9112"}],"wp:featuredmedia":[{"embeddable":true,"href":"https:\/\/laurbedigital.com.ar\/noticias\/wp-json\/wp\/v2\/media\/9111"}],"wp:attachment":[{"href":"https:\/\/laurbedigital.com.ar\/noticias\/wp-json\/wp\/v2\/media?parent=9110"}],"wp:term":[{"taxonomy":"category","embeddable":true,"href":"https:\/\/laurbedigital.com.ar\/noticias\/wp-json\/wp\/v2\/categories?post=9110"},{"taxonomy":"post_tag","embeddable":true,"href":"https:\/\/laurbedigital.com.ar\/noticias\/wp-json\/wp\/v2\/tags?post=9110"}],"curies":[{"name":"wp","href":"https:\/\/api.w.org\/{rel}","templated":true}]}}