{"id":90990,"date":"2023-04-28T12:12:21","date_gmt":"2023-04-28T15:12:21","guid":{"rendered":"https:\/\/laurbedigital.com.ar\/noticias\/?p=90990"},"modified":"2023-04-27T21:23:34","modified_gmt":"2023-04-28T00:23:34","slug":"de-que-trata-black-knight-thriller-surcoreano-de-netflix","status":"publish","type":"post","link":"https:\/\/laurbedigital.com.ar\/noticias\/2023\/04\/28\/de-que-trata-black-knight-thriller-surcoreano-de-netflix\/","title":{"rendered":"De qu\u00e9 trata \u2018Black Knight\u2019, thriller surcoreano de Netflix"},"content":{"rendered":"<h6><\/h6>\n<h6><strong>Las series surcoreana de Netflix\u00a0tienen un importante lugar en este servicio streaming, debido a que en los \u00faltimos a\u00f1os varios t\u00edtulos de esta regi\u00f3n del mundo han conquistado a los suscriptores, y ahora se acerca una producci\u00f3n que con su suspenso y misterio apunta para ser un nuevo \u00e9xito, se trata de \u2018Black Knight\u2019.<\/strong><\/h6>\n<div>Al encontrarse cerca de su estreno, la <strong>nueva serie surcoreana de Netflix<\/strong>, \u2018<strong>Black Knight<\/strong>\u2019, ha revelado su tr\u00e1iler extendido, el cual, puede ser visto en la plataforma o en las redes sociales oficiales de este servicio, un v\u00eddeo de poco m\u00e1s de dos minutos que seguro despertar\u00e1 la atenci\u00f3n de muchos usuarios del gigante del streaming.<\/div>\n<p>El adelanto de \u2018Black Knight\u2019 confirma que en este t\u00edtulo el suspenso ser\u00e1 un protagonista m\u00e1s, ya que el\u00a0<strong>nuevo thriller surcoreano<\/strong> presentar\u00e1 una trama que sigue a un grupo de repartidores que arriesgan su vida todos los d\u00edas para llevar paquetes de ox\u00edgeno y suministros a un mundo inhabitable que ha sido azotado por la contaminaci\u00f3n.En este <strong>mundo post apocal\u00edptico<\/strong>, estos repartidores son admirados por muchos pobladores, pero, tambi\u00e9n se enfrentan a grandes peligros debido a lo valioso que son los paquetes que entregan, esto en una sociedad en donde un grupo de ricos y poderosos son quienes gobiernan el planeta, al ser los que controlan nada menos que el ox\u00edgeno.<\/p>\n<p>Sin duda, \u2018<strong>Black Knight<\/strong>\u2019\u00a0<strong>es una serie interesante que se acerca a Netflix<\/strong>, una producci\u00f3n que, como su tr\u00e1iler oficial revela, no har\u00e1 esperar por mucho tiempo a los millones de suscriptores del gigante del streaming, debido a que, como se\u00f1alamos, este thriller post apocal\u00edptico forma parte de los estrenos confirmado para el siguiente mes.<\/p>\n<p><iframe loading=\"lazy\" title=\"Black Knight | Tr\u00e1iler oficial | Netflix\" src=\"https:\/\/www.youtube.com\/embed\/ycaFvJdG1NM\" width=\"683\" height=\"384\" frameborder=\"0\" allowfullscreen=\"allowfullscreen\"><\/iframe><\/p>\n<h4 class=\"banner hide--mobile\"><strong>\u00bfCu\u00e1ndo se estrena \u2018Black Knight\u2019?<\/strong><\/h4>\n<div class=\"banner hide--mobile\">\n<p>Ser\u00e1 el pr\u00f3ximo 12 de mayo cuando \u2018Black Knight\u2019 llegue con todos los episodios de su primera temporada al este servicio streaming, una <strong>serie de drama y suspenso\u00a0<\/strong>original que tiene un interesante elenco, debido a que el repartidor en el que se centrar\u00e1 esta historia ser\u00e1 interpretado por Kim Woo-bin, un actor que se ha ganado el reconocimiento en Corea del Sur, asimismo cuenta con la participaci\u00f3n de Kang You-seok, Song Seung-heon, Esom, entre otros.Cabe mencionar, que incluso \u2018<strong>Black Knight<\/strong>\u2019 intentar\u00e1 que muchos usuarios del gigante del streaming reflexionen acerca del medio ambiente, ya que, como se\u00f1alamos, esta producci\u00f3n se desarrollar\u00e1 en un mundo en donde la contaminaci\u00f3n ha provocado que el planeta sea pr\u00e1cticamente inhabitable, lo que la vuelve muy interesante.<\/p>\n<\/div>\n","protected":false},"excerpt":{"rendered":"<p>Las series surcoreana de Netflix\u00a0tienen un importante lugar en este servicio streaming, debido a que en los \u00faltimos a\u00f1os varios<\/p>\n","protected":false},"author":1,"featured_media":90991,"comment_status":"closed","ping_status":"closed","sticky":false,"template":"","format":"standard","meta":{"kia_subtitle":"","footnotes":"","jetpack_publicize_message":"De qu\u00e9 trata \u2018Black Knight\u2019, thriller surcoreano de Netflix","jetpack_publicize_feature_enabled":true,"jetpack_social_post_already_shared":true,"jetpack_social_options":{"image_generator_settings":{"template":"highway","default_image_id":0,"font":"","enabled":false},"version":2}},"categories":[68],"tags":[],"class_list":["post-90990","post","type-post","status-publish","format-standard","has-post-thumbnail","hentry","category-cine-y-series"],"jetpack_publicize_connections":[],"jetpack_featured_media_url":"https:\/\/laurbedigital.com.ar\/noticias\/wp-content\/uploads\/2023\/04\/20230427-Black-Knight.jpg","_links":{"self":[{"href":"https:\/\/laurbedigital.com.ar\/noticias\/wp-json\/wp\/v2\/posts\/90990","targetHints":{"allow":["GET"]}}],"collection":[{"href":"https:\/\/laurbedigital.com.ar\/noticias\/wp-json\/wp\/v2\/posts"}],"about":[{"href":"https:\/\/laurbedigital.com.ar\/noticias\/wp-json\/wp\/v2\/types\/post"}],"author":[{"embeddable":true,"href":"https:\/\/laurbedigital.com.ar\/noticias\/wp-json\/wp\/v2\/users\/1"}],"replies":[{"embeddable":true,"href":"https:\/\/laurbedigital.com.ar\/noticias\/wp-json\/wp\/v2\/comments?post=90990"}],"version-history":[{"count":5,"href":"https:\/\/laurbedigital.com.ar\/noticias\/wp-json\/wp\/v2\/posts\/90990\/revisions"}],"predecessor-version":[{"id":90996,"href":"https:\/\/laurbedigital.com.ar\/noticias\/wp-json\/wp\/v2\/posts\/90990\/revisions\/90996"}],"wp:featuredmedia":[{"embeddable":true,"href":"https:\/\/laurbedigital.com.ar\/noticias\/wp-json\/wp\/v2\/media\/90991"}],"wp:attachment":[{"href":"https:\/\/laurbedigital.com.ar\/noticias\/wp-json\/wp\/v2\/media?parent=90990"}],"wp:term":[{"taxonomy":"category","embeddable":true,"href":"https:\/\/laurbedigital.com.ar\/noticias\/wp-json\/wp\/v2\/categories?post=90990"},{"taxonomy":"post_tag","embeddable":true,"href":"https:\/\/laurbedigital.com.ar\/noticias\/wp-json\/wp\/v2\/tags?post=90990"}],"curies":[{"name":"wp","href":"https:\/\/api.w.org\/{rel}","templated":true}]}}