{"id":9059,"date":"2017-10-24T11:39:06","date_gmt":"2017-10-24T14:39:06","guid":{"rendered":"http:\/\/laurbedigital.com.ar\/noticias\/?p=9059"},"modified":"2017-10-24T11:39:06","modified_gmt":"2017-10-24T14:39:06","slug":"movimientos-sociales-acampan-en-plaza-de-mayo","status":"publish","type":"post","link":"https:\/\/laurbedigital.com.ar\/noticias\/2017\/10\/24\/movimientos-sociales-acampan-en-plaza-de-mayo\/","title":{"rendered":"Movimientos sociales acampan en Plaza de Mayo"},"content":{"rendered":"<p>Movimientos sociales encabezados por el l\u00edder piquetero Ra\u00fal Castells acampanen la Plaza de Mayo en reclamo de viviendas y alimentos y por justicia para Santiago Maldonado.<\/p>\n<p><span class=\"smallbajada\">Castells afirm\u00f3 que permanecer\u00e1n \u00abestos d\u00edas\u00bb en ese lugar emblem\u00e1tico de la Capital Federal y anticip\u00f3 que este martes por la ma\u00f1ana se sumar\u00e1n \u00abm\u00e1s\u00bb manifestantes.<\/span><\/p>\n<p>Asimismo, compar\u00f3 la muerte de Maldonado con la de Ezequiel Demonty el joven que el 14 de septiembre de 2002 fue obligado junto a dos amigos a tirarse al Riachuelo por efectivos de la Polic\u00eda Federal.<\/p>\n<p>Demonty muri\u00f3, mientras que los otros dos j\u00f3venes se salvaron porque sab\u00edan nadar.<\/p>\n<p>Por el hecho fueron condenados nueve efectivos de lam Polic\u00eda Federal a penas d e entre 8 y 12 a\u00f1os de prisi\u00f3n.<\/p>\n<p>\u00abNo podemos aceptar que el asesinato de Santiago Maldonado quieran hacerlo parecer como que fue un accidente por ahogamiento. En Capital tenemos el caso de Ezequiel Demonty, perseguido por la Polic\u00eda Federal, que termin\u00f3 cayendo al Riachuelo y muri\u00f3. Por ese hecho fueron condenados los polic\u00edas que hab\u00edan participado\u00bb, cerr\u00f3.<\/p>\n<p>&nbsp;<\/p>\n","protected":false},"excerpt":{"rendered":"<p>Movimientos sociales encabezados por el l\u00edder piquetero Ra\u00fal Castells acampanen la Plaza de Mayo en reclamo de viviendas y alimentos<\/p>\n","protected":false},"author":1,"featured_media":9055,"comment_status":"open","ping_status":"open","sticky":false,"template":"","format":"standard","meta":{"kia_subtitle":"","footnotes":"","jetpack_publicize_message":"","jetpack_publicize_feature_enabled":true,"jetpack_social_post_already_shared":true,"jetpack_social_options":{"image_generator_settings":{"template":"highway","default_image_id":0,"font":"","enabled":false},"version":2}},"categories":[3,41],"tags":[],"class_list":["post-9059","post","type-post","status-publish","format-standard","has-post-thumbnail","hentry","category-actualidad","category-nacionales"],"jetpack_publicize_connections":[],"jetpack_featured_media_url":"https:\/\/laurbedigital.com.ar\/noticias\/wp-content\/uploads\/2017\/10\/20171024-nac3.jpg","_links":{"self":[{"href":"https:\/\/laurbedigital.com.ar\/noticias\/wp-json\/wp\/v2\/posts\/9059","targetHints":{"allow":["GET"]}}],"collection":[{"href":"https:\/\/laurbedigital.com.ar\/noticias\/wp-json\/wp\/v2\/posts"}],"about":[{"href":"https:\/\/laurbedigital.com.ar\/noticias\/wp-json\/wp\/v2\/types\/post"}],"author":[{"embeddable":true,"href":"https:\/\/laurbedigital.com.ar\/noticias\/wp-json\/wp\/v2\/users\/1"}],"replies":[{"embeddable":true,"href":"https:\/\/laurbedigital.com.ar\/noticias\/wp-json\/wp\/v2\/comments?post=9059"}],"version-history":[{"count":1,"href":"https:\/\/laurbedigital.com.ar\/noticias\/wp-json\/wp\/v2\/posts\/9059\/revisions"}],"predecessor-version":[{"id":9060,"href":"https:\/\/laurbedigital.com.ar\/noticias\/wp-json\/wp\/v2\/posts\/9059\/revisions\/9060"}],"wp:featuredmedia":[{"embeddable":true,"href":"https:\/\/laurbedigital.com.ar\/noticias\/wp-json\/wp\/v2\/media\/9055"}],"wp:attachment":[{"href":"https:\/\/laurbedigital.com.ar\/noticias\/wp-json\/wp\/v2\/media?parent=9059"}],"wp:term":[{"taxonomy":"category","embeddable":true,"href":"https:\/\/laurbedigital.com.ar\/noticias\/wp-json\/wp\/v2\/categories?post=9059"},{"taxonomy":"post_tag","embeddable":true,"href":"https:\/\/laurbedigital.com.ar\/noticias\/wp-json\/wp\/v2\/tags?post=9059"}],"curies":[{"name":"wp","href":"https:\/\/api.w.org\/{rel}","templated":true}]}}