{"id":90529,"date":"2023-04-16T08:47:29","date_gmt":"2023-04-16T11:47:29","guid":{"rendered":"https:\/\/laurbedigital.com.ar\/noticias\/?p=90529"},"modified":"2023-04-15T22:54:04","modified_gmt":"2023-04-16T01:54:04","slug":"comenzara-el-juicio-contra-sebastian-villa-por-violencia-de-genero","status":"publish","type":"post","link":"https:\/\/laurbedigital.com.ar\/noticias\/2023\/04\/16\/comenzara-el-juicio-contra-sebastian-villa-por-violencia-de-genero\/","title":{"rendered":"Comenzar\u00e1 el juicio contra Sebasti\u00e1n Villa por violencia de g\u00e9nero"},"content":{"rendered":"<div class=\"wrapper-header\">\n<div class=\"container-xl\">\n<div class=\"row\">\n<div class=\"col-12\">\n<div class=\"head-content mb-4\">\n<p>&nbsp;<\/p>\n<h6 class=\"speak\"><strong>El futbolista de Boca Juniors es acusado de\u00a0lesiones y amenazas contra su expareja en 2020, en la casa que compart\u00edan en la localidad bonaerense de Canning. Adem\u00e1s,\u00a0el delantero fue denunciado de abuso sexual\u00a0por otra mujer, causa en la que todav\u00eda resta producir medidas de pruebas.<\/strong><\/h6>\n<p class=\"speak\">El futbolista colombiano de Boca Juniors, Sebasti\u00e1n Villa, comenzar\u00e1 a ser juzgado el pr\u00f3ximo lunes como acusado de lesiones y amenazas que presuntamente sufri\u00f3 su expareja en 2020, en la casa que compart\u00edan en la localidad bonaerense de Canning, informaron fuentes de la causa.<\/p>\n<p>El debate estar\u00e1 a cargo del Juzgado Correccional 2 de Lomas de Zamora, a cargo de Claudia D\u00e1valos, quien fij\u00f3 audiencias, que se realizar\u00e1n de forma presencial, para el 17, 18 y 19 de la semana que viene.<\/p>\n<p>Seg\u00fan las fuentes, este juicio se iba a realizar inicialmente entre el 19 y 21 de septiembre pasado, pero la defensa de Villa, a cargo del abogado Mart\u00edn Apolo,\u00a0<strong>solicit\u00f3 una nueva pericia psicol\u00f3gica para la denunciante<\/strong>\u00a0Daniela Cort\u00e9s, y la jueza D\u00e1valos decidi\u00f3 posponer el inicio del proceso.<\/p>\n<p>El letrado explic\u00f3 a T\u00e9lam que en octubre \u00faltimo \u00e9l mismo viaj\u00f3 a Medell\u00edn, donde reside actualmente Cort\u00e9s, junto a un perito de parte para que se lleve a cabo la medida, pero la denunciante no se present\u00f3, por lo que la prueba no se complet\u00f3.<\/p>\n<p>\u00abConsideramos que ni siquiera hay elementos para ir a juicio\u00bb, estim\u00f3 el abogado defensor.<\/p>\n<p>Por su parte,\u00a0<strong>Villa ser\u00e1 juzgado por los delitos de \u00ablesiones leves agravadas por el v\u00ednculo y por mediar violencia de g\u00e9nero y amenazas coactivas\u00bb<\/strong>.<\/p>\n<p>Seg\u00fan los voceros, en este caso interviene un Juzgado Correccional de la provincia de Buenos Aires porque se trata de un delito que prev\u00e9 una pena de hasta seis a\u00f1os de prisi\u00f3n.<\/p>\n<p>&nbsp;<\/p>\n<ul>\n<li>\n<h3>Atenci\u00f3n, contenci\u00f3n y asesoramiento en situaciones de violencia de g\u00e9nero<\/h3>\n<\/li>\n<li>Por llamada gratuita las 24 hs\u00a0<a href=\"tel:144\">L\u00ednea 144<\/a><\/li>\n<li>Por WhatsApp\u00a0<a href=\"tel:+5491127716463\">11-2771-6463<\/a>.<\/li>\n<li>Por mail a\u00a0<a href=\"mailto:linea144@mingeneros.gob.ar\">linea144@mingeneros.gob.ar<\/a><\/li>\n<li>Descargando la\u00a0<a href=\"https:\/\/www.argentina.gob.ar\/aplicaciones\/linea-144-atencion-mujeres-y-LGBTI\" target=\"_blank\" rel=\"noopener\">app<\/a><\/li>\n<\/ul>\n<p>En el debate se ventilar\u00e1n los hechos ocurridos el\u00a0<strong>27 de abril del 2020<\/strong>, en la casa que compart\u00edan Villa y su ex, en el barrio privado Saint Thomas, de Canning, donde resid\u00eda antes de mudarse al country \u00abVenado II\u00bb, en el que supuestamente se desarroll\u00f3 el segundo episodio de violencia de g\u00e9nero en junio del 2021 por el que\u00a0el delantero fue denunciado por otra mujer que lo acus\u00f3 de abuso sexual.<\/p>\n<p>En el marco de esa primera denuncia, Cort\u00e9s difundi\u00f3 im\u00e1genes a trav\u00e9s de las redes sociales, tras lo cual se abri\u00f3 una causa en la Unidad Funcional de Instrucci\u00f3n (UFI) 3 descentralizada de Esteban Echeverr\u00eda, especializada en Violencia de G\u00e9nero.<\/p>\n<p>En ese video se observaron im\u00e1genes de la mujer visiblemente golpeada, al tiempo que la denunciante relat\u00f3 hechos violentos vividos al lado del futbolista, a quien calific\u00f3 como\u00a0<strong>\u00abun maltratador, tanto en lo f\u00edsico como en lo psicol\u00f3gico\u00bb<\/strong>.<\/p>\n<p>En junio de 2021, la C\u00e1mara Penal de Lomas de Zamora confirm\u00f3 la elevaci\u00f3n a juicio de esa causa a requerimiento del juez de Garant\u00edas de ese distrito Javier Maffucci Moore, el mismo que interviene en el segundo caso de violencia de g\u00e9nero que involucra al futbolista.<\/p>\n<p>Este segundo episodio fue denunciado por una joven de 26 a\u00f1os el 13 de mayo de 2022 ante la misma fiscal\u00eda que, si bien solicit\u00f3 la inmediata detenci\u00f3n de Villa, el juez Maffucci Moore rechaz\u00f3 el planteo y sugiri\u00f3 profundizar la investigaci\u00f3n.<\/p>\n<p>Respecto de este expediente, el abogado Apolo explic\u00f3 a T\u00e9lam que todav\u00eda resta producir varias medidas de pruebas, entre ellas, peritajes psicol\u00f3gicos a la denunciante y evacuar citas de la indagatoria del futbolista, quien se declar\u00f3 inocente.<\/p>\n<p>Tras ser indagado por del delito de \u00ababuso sexual con acceso carnal\u00bb -el cual prev\u00e9 hasta 15 a\u00f1os de prisi\u00f3n-,\u00a0Villa se someti\u00f3 entre octubre y noviembre pasado tambi\u00e9n a peritajes psicol\u00f3gicos que, de acuerdo a su abogado defensor, revelaron que el delantero \u00abno presenta rasgos compatibles con el hecho que se le imputa\u00bb.<\/p>\n<\/div>\n<\/div>\n<\/div>\n<\/div>\n<\/div>\n<div class=\"wrapper-editable-content\">\n<div class=\"wrapper-info-note\">\n<div class=\"col-md-12\"><\/div>\n<\/div>\n<div>\n<div class=\"wrapper-editable-content\">\n<div>\n<div class=\"container-md\">\n<div class=\"row\">\n<div class=\"col-md-12 speak\">\n<div class=\"paragraph\"><\/div>\n<\/div>\n<\/div>\n<\/div>\n<\/div>\n<\/div>\n<\/div>\n<\/div>\n","protected":false},"excerpt":{"rendered":"<p>&nbsp; El futbolista de Boca Juniors es acusado de\u00a0lesiones y amenazas contra su expareja en 2020, en la casa que<\/p>\n","protected":false},"author":1,"featured_media":78226,"comment_status":"closed","ping_status":"closed","sticky":false,"template":"","format":"standard","meta":{"kia_subtitle":"","footnotes":"","jetpack_publicize_message":"Comenzar\u00e1 el juicio contra Sebasti\u00e1n Villa por violencia de g\u00e9nero","jetpack_publicize_feature_enabled":true,"jetpack_social_post_already_shared":true,"jetpack_social_options":{"image_generator_settings":{"template":"highway","default_image_id":0,"font":"","enabled":false},"version":2}},"categories":[8],"tags":[],"class_list":["post-90529","post","type-post","status-publish","format-standard","has-post-thumbnail","hentry","category-policiales"],"jetpack_publicize_connections":[],"jetpack_featured_media_url":"https:\/\/laurbedigital.com.ar\/noticias\/wp-content\/uploads\/2022\/06\/20220627-Sebastian-Villa.jpg","_links":{"self":[{"href":"https:\/\/laurbedigital.com.ar\/noticias\/wp-json\/wp\/v2\/posts\/90529","targetHints":{"allow":["GET"]}}],"collection":[{"href":"https:\/\/laurbedigital.com.ar\/noticias\/wp-json\/wp\/v2\/posts"}],"about":[{"href":"https:\/\/laurbedigital.com.ar\/noticias\/wp-json\/wp\/v2\/types\/post"}],"author":[{"embeddable":true,"href":"https:\/\/laurbedigital.com.ar\/noticias\/wp-json\/wp\/v2\/users\/1"}],"replies":[{"embeddable":true,"href":"https:\/\/laurbedigital.com.ar\/noticias\/wp-json\/wp\/v2\/comments?post=90529"}],"version-history":[{"count":2,"href":"https:\/\/laurbedigital.com.ar\/noticias\/wp-json\/wp\/v2\/posts\/90529\/revisions"}],"predecessor-version":[{"id":90531,"href":"https:\/\/laurbedigital.com.ar\/noticias\/wp-json\/wp\/v2\/posts\/90529\/revisions\/90531"}],"wp:featuredmedia":[{"embeddable":true,"href":"https:\/\/laurbedigital.com.ar\/noticias\/wp-json\/wp\/v2\/media\/78226"}],"wp:attachment":[{"href":"https:\/\/laurbedigital.com.ar\/noticias\/wp-json\/wp\/v2\/media?parent=90529"}],"wp:term":[{"taxonomy":"category","embeddable":true,"href":"https:\/\/laurbedigital.com.ar\/noticias\/wp-json\/wp\/v2\/categories?post=90529"},{"taxonomy":"post_tag","embeddable":true,"href":"https:\/\/laurbedigital.com.ar\/noticias\/wp-json\/wp\/v2\/tags?post=90529"}],"curies":[{"name":"wp","href":"https:\/\/api.w.org\/{rel}","templated":true}]}}