{"id":90509,"date":"2023-04-15T18:58:55","date_gmt":"2023-04-15T21:58:55","guid":{"rendered":"https:\/\/laurbedigital.com.ar\/noticias\/?p=90509"},"modified":"2023-04-15T18:58:55","modified_gmt":"2023-04-15T21:58:55","slug":"cascallares-entrego-mobiliario-libros-y-materiales-a-sedes-del-plan-fines-y-centros-de-alfabetizacion","status":"publish","type":"post","link":"https:\/\/laurbedigital.com.ar\/noticias\/2023\/04\/15\/cascallares-entrego-mobiliario-libros-y-materiales-a-sedes-del-plan-fines-y-centros-de-alfabetizacion\/","title":{"rendered":"Cascallares entreg\u00f3 mobiliario, libros y materiales a sedes del Plan FinEs y Centros de Alfabetizaci\u00f3n"},"content":{"rendered":"<p>&nbsp;<\/p>\n<h6><strong>En un acto que encabez\u00f3 Mariano Cascallares, el Municipio de Almirante Brown hizo entrega de mobiliario, libros y diversos materiales a un centenar de sedes del plan FinEs, para la conclusi\u00f3n de estudios, as\u00ed como tambi\u00e9n a Centros de Alfabetizaci\u00f3n de nuestro distrito.<\/strong><\/h6>\n<h6>En la oportunidad, Mariano Cascallares sostuvo que desde el inicio de la actual gesti\u00f3n municipal \u201csiempre ha sido una alegr\u00eda poder participar y articular con estos espacios dedicados a la educaci\u00f3n popular y a la formaci\u00f3n de nuestros vecinos\u201d.<\/h6>\n<h6>Cascallares puso de relieve el \u201cesfuerzo y compromiso de dichas entidades con el apoyo de un Estado Presente en cada uno de los barrios atendiendo las necesidades educativas\u201d y agreg\u00f3: \u201cSeguimos trabajando y articulando con los distintos actores de estos programas educativos que, hoy podemos decir,\u00a0son un ciclo para que se puedan terminar los estudios hoy con una universidad nacional en nuestro querido distrito\u201d, se emocion\u00f3.<\/p>\n<p><img loading=\"lazy\" decoding=\"async\" class=\"alignnone size-large wp-image-90512\" src=\"https:\/\/laurbedigital.com.ar\/noticias\/wp-content\/uploads\/2023\/04\/fines3-1024x683.jpg\" alt=\"\" width=\"800\" height=\"534\" title=\"\" srcset=\"https:\/\/laurbedigital.com.ar\/noticias\/wp-content\/uploads\/2023\/04\/fines3-1024x683.jpg 1024w, https:\/\/laurbedigital.com.ar\/noticias\/wp-content\/uploads\/2023\/04\/fines3-300x200.jpg 300w, https:\/\/laurbedigital.com.ar\/noticias\/wp-content\/uploads\/2023\/04\/fines3-768x512.jpg 768w, https:\/\/laurbedigital.com.ar\/noticias\/wp-content\/uploads\/2023\/04\/fines3-1536x1024.jpg 1536w, https:\/\/laurbedigital.com.ar\/noticias\/wp-content\/uploads\/2023\/04\/fines3.jpg 1600w\" sizes=\"auto, (max-width: 800px) 100vw, 800px\" \/><\/h6>\n<p>La entrega tuvo lugar en la Sala Ra\u00fal Soldi de la Casa Municipal de la Cultura en la localidad de Adrogu\u00e9. Fue encabezada por el secretario de Educaci\u00f3n, Ciencia y Tecnolog\u00eda, Sergio Pianciola; la subsecretaria del \u00e1rea, Paula Falc\u00f3n; lacoordinadora de Inclusi\u00f3n y Educaci\u00f3n Popular, Alejandra Villalba; la jefa distrital de Inspecci\u00f3n Escolar, Mar\u00eda In\u00e9s Centuri\u00f3n; el referente t\u00e9cnico regional del plan Fines, Mario Salvatierra; el referente y el coordinar distrital de dicho plan, Jorge Are\u00e1n y Pablo Garbarino, respectivamente.<\/p>\n<p><img loading=\"lazy\" decoding=\"async\" class=\"alignnone size-large wp-image-90513\" src=\"https:\/\/laurbedigital.com.ar\/noticias\/wp-content\/uploads\/2023\/04\/fines4-1024x683.jpg\" alt=\"\" width=\"800\" height=\"534\" title=\"\" srcset=\"https:\/\/laurbedigital.com.ar\/noticias\/wp-content\/uploads\/2023\/04\/fines4-1024x683.jpg 1024w, https:\/\/laurbedigital.com.ar\/noticias\/wp-content\/uploads\/2023\/04\/fines4-300x200.jpg 300w, https:\/\/laurbedigital.com.ar\/noticias\/wp-content\/uploads\/2023\/04\/fines4-768x512.jpg 768w, https:\/\/laurbedigital.com.ar\/noticias\/wp-content\/uploads\/2023\/04\/fines4-1536x1024.jpg 1536w, https:\/\/laurbedigital.com.ar\/noticias\/wp-content\/uploads\/2023\/04\/fines4.jpg 1600w\" sizes=\"auto, (max-width: 800px) 100vw, 800px\" \/><\/p>\n<h6>El secretario Pianciola dio la bienvenida a los representantes de las distintas entidades que son sedes de los planes educativos manifestando que \u201ces un verdadero orgullo para nuestro municipio que tantas instituciones, a lo largo de una d\u00e9cada, hayan volcado sus esfuerzos en apoyo a la educaci\u00f3n popular\u201d.<\/h6>\n<h6>Tambi\u00e9n la inspectora Mar\u00eda In\u00e9s Centuri\u00f3n resalt\u00f3 el aporte y la profunda labor de las instituciones barriales desde hace ya 10 a\u00f1os, para que, en articulaci\u00f3n de los distintos estamentos del Estado, se pudiera desarrollar tanto el plan Fines como el programa de alfabetizaci\u00f3n, para que todos tengan las mismas posibilidades educativas\u201d.<\/h6>\n<h6>Coincidi\u00f3 en ello el referente t\u00e9cnico regional del plan Fines. En tal sentido, Mario Salvatierra, sostuvo que \u201chubiese sido harto dif\u00edcil poder implementar los planes de educaci\u00f3n popular sin el decidido apoyo de las instituciones\u201d.<\/p>\n<p><img loading=\"lazy\" decoding=\"async\" class=\"alignnone size-large wp-image-90511\" src=\"https:\/\/laurbedigital.com.ar\/noticias\/wp-content\/uploads\/2023\/04\/fines1-1024x683.jpg\" alt=\"\" width=\"800\" height=\"534\" title=\"\" srcset=\"https:\/\/laurbedigital.com.ar\/noticias\/wp-content\/uploads\/2023\/04\/fines1-1024x683.jpg 1024w, https:\/\/laurbedigital.com.ar\/noticias\/wp-content\/uploads\/2023\/04\/fines1-300x200.jpg 300w, https:\/\/laurbedigital.com.ar\/noticias\/wp-content\/uploads\/2023\/04\/fines1-768x512.jpg 768w, https:\/\/laurbedigital.com.ar\/noticias\/wp-content\/uploads\/2023\/04\/fines1-1536x1024.jpg 1536w, https:\/\/laurbedigital.com.ar\/noticias\/wp-content\/uploads\/2023\/04\/fines1.jpg 1600w\" sizes=\"auto, (max-width: 800px) 100vw, 800px\" \/><\/h6>\n<p>Seguidamente, se procedi\u00f3 a la entrega simb\u00f3lica de los distintos materiales a las responsables de la Asociaci\u00f3n Civil Siglo XXI, Redolinda Posse; de la Sociedad de Fomento Juan Glew, Adela Orellana; la asociaci\u00f3n Mundo Feliz de Don Orione,\u00a0Dora Ver\u00f3n; del Centro Cultural Los Angelitos, M\u00f3nica S\u00e1nchez y la Asociaci\u00f3n Civil Lamadrid, N\u00e9lida Ochoa; para luego completarse la distribuci\u00f3n de los elementos al resto de las instituciones barriales sedes del plan Fines y de programas de alfabetizaci\u00f3n.<\/p>\n<p>&nbsp;<\/p>\n<p>&nbsp;<\/p>\n","protected":false},"excerpt":{"rendered":"<p>&nbsp; En un acto que encabez\u00f3 Mariano Cascallares, el Municipio de Almirante Brown hizo entrega de mobiliario, libros y diversos<\/p>\n","protected":false},"author":1,"featured_media":90510,"comment_status":"closed","ping_status":"closed","sticky":false,"template":"","format":"standard","meta":{"kia_subtitle":"","footnotes":"","jetpack_publicize_message":"Cascallares entreg\u00f3 mobiliario, libros y materiales a sedes del Plan FinEs y Centros de Alfabetizaci\u00f3n","jetpack_publicize_feature_enabled":true,"jetpack_social_post_already_shared":true,"jetpack_social_options":{"image_generator_settings":{"template":"highway","default_image_id":0,"font":"","enabled":false},"version":2}},"categories":[2,33],"tags":[],"class_list":["post-90509","post","type-post","status-publish","format-standard","has-post-thumbnail","hentry","category-alte-brown","category-alte-brown-alte-brown"],"jetpack_publicize_connections":[],"jetpack_featured_media_url":"https:\/\/laurbedigital.com.ar\/noticias\/wp-content\/uploads\/2023\/04\/20230414-Brown-Cascallares.jpg","_links":{"self":[{"href":"https:\/\/laurbedigital.com.ar\/noticias\/wp-json\/wp\/v2\/posts\/90509","targetHints":{"allow":["GET"]}}],"collection":[{"href":"https:\/\/laurbedigital.com.ar\/noticias\/wp-json\/wp\/v2\/posts"}],"about":[{"href":"https:\/\/laurbedigital.com.ar\/noticias\/wp-json\/wp\/v2\/types\/post"}],"author":[{"embeddable":true,"href":"https:\/\/laurbedigital.com.ar\/noticias\/wp-json\/wp\/v2\/users\/1"}],"replies":[{"embeddable":true,"href":"https:\/\/laurbedigital.com.ar\/noticias\/wp-json\/wp\/v2\/comments?post=90509"}],"version-history":[{"count":2,"href":"https:\/\/laurbedigital.com.ar\/noticias\/wp-json\/wp\/v2\/posts\/90509\/revisions"}],"predecessor-version":[{"id":90515,"href":"https:\/\/laurbedigital.com.ar\/noticias\/wp-json\/wp\/v2\/posts\/90509\/revisions\/90515"}],"wp:featuredmedia":[{"embeddable":true,"href":"https:\/\/laurbedigital.com.ar\/noticias\/wp-json\/wp\/v2\/media\/90510"}],"wp:attachment":[{"href":"https:\/\/laurbedigital.com.ar\/noticias\/wp-json\/wp\/v2\/media?parent=90509"}],"wp:term":[{"taxonomy":"category","embeddable":true,"href":"https:\/\/laurbedigital.com.ar\/noticias\/wp-json\/wp\/v2\/categories?post=90509"},{"taxonomy":"post_tag","embeddable":true,"href":"https:\/\/laurbedigital.com.ar\/noticias\/wp-json\/wp\/v2\/tags?post=90509"}],"curies":[{"name":"wp","href":"https:\/\/api.w.org\/{rel}","templated":true}]}}