{"id":90412,"date":"2023-04-13T08:05:32","date_gmt":"2023-04-13T11:05:32","guid":{"rendered":"https:\/\/laurbedigital.com.ar\/noticias\/?p=90412"},"modified":"2023-04-12T23:13:07","modified_gmt":"2023-04-13T02:13:07","slug":"tenia-cara-de-horror-dijo-una-testigo-que-vio-pidiendo-ayuda-a-emmily-antes-de-su-caida","status":"publish","type":"post","link":"https:\/\/laurbedigital.com.ar\/noticias\/2023\/04\/13\/tenia-cara-de-horror-dijo-una-testigo-que-vio-pidiendo-ayuda-a-emmily-antes-de-su-caida\/","title":{"rendered":"\u00abTen\u00eda cara de horror\u00bb, dijo una testigo que vio pidiendo ayuda a Emmily antes de su ca\u00edda"},"content":{"rendered":"<p>&nbsp;<\/p>\n<h6><strong>\u00ab\u00a1Una se\u00f1ora se tir\u00f3 de la ventana!\u00bb, alert\u00f3 al 911 una mujer que trabajaba en el edificio de la calle Libertad. \u201cSe tir\u00f3, no s\u00e9 si la empujaron, estaba discutiendo con una persona mayor\u00bb, denunci\u00f3.<\/strong><\/h6>\n<p>Una testigo que llam\u00f3 a la l\u00ednea de emergencias 911 para avisar, momentos antes de que cayera del sexto piso de un edificio de Retiro, que vio a Emmily Rodrigues Santos Gomes pidiendo ayuda desde la ventana, asegur\u00f3 que la joven brasile\u00f1a ten\u00eda \u201ccara de horror\u201d.<\/p>\n<p>Se trata de Ver\u00f3nica Saravia, quien trabaja como empleada en el departamento del tercer piso del edificio de la calle Libertad 1542 donde el pasado 30 de marzo ocurrieron los hechos.<\/p>\n<p>Seg\u00fan consta en su declaraci\u00f3n \u2013a la que tuvo acceso T\u00e9lam-, Saravia le explic\u00f3 al fiscal del caso, Santiago Vismara, que aquel d\u00eda lleg\u00f3 a las 8 de la ma\u00f1ana y\u00a0<strong>al rato de comenzar con sus labores dom\u00e9sticas, cuando planchaba en el lavadero, escuch\u00f3 \u201cgritos de una mujer que dec\u00eda que llamaran al 911\u201d<\/strong>\u00a0y que por esa raz\u00f3n en ese momento, que eran las 9.14, le mand\u00f3 un audio al encargado del edificio, que reci\u00e9n le contest\u00f3 m\u00e1s tarde, para ver si \u00e9l hab\u00eda escuchado lo mismo.<\/p>\n<p><strong>\u201cNo eran gritos continuos\u201d<\/strong>, dijo la mujer y explic\u00f3 que comenz\u00f3 a recorrer el departamento y mirar por las ventanas para ver de d\u00f3nde ven\u00edan hasta que desde el lavadero vio a la v\u00edctima.<\/p>\n<p><strong>\u201cMiro por la ventana y estaba Emmily. En ese momento no sab\u00eda c\u00f3mo se llamaba. Atr\u00e1s de ella hab\u00eda una persona, canosa, no le llegu\u00e9 a ver la cara\u201d<\/strong>, describi\u00f3 la testigo.<\/p>\n<p>Esta mujer, de nacionalidad uruguaya, le dijo al fiscal Vismara que vio a la v\u00edctima asomada y grit\u00e1ndole \u201cllamen al 911, llamen al 911\u201d, que la vio con \u201ccara de horror, como asustada, llorando\u201d, y que el hombre que estaba con ella -ser\u00eda S\u00e1enz Valiente-, le dec\u00eda \u201ctranquilizate, tranquilizate\u201d.<\/p>\n<p><strong>\u201cCuando yo le grit\u00e9 de qu\u00e9 departamento sos, salieron de la ventana, ya no estaban m\u00e1s, salieron de mi vista\u201d<\/strong>, agreg\u00f3 testigo.<\/p>\n<p>Saravia es la mujer que al llamar al 911 esa ma\u00f1ana, dijo llorando: \u201c\u00a1Una se\u00f1ora se tir\u00f3 de la ventana!\u201d y cuando la operadora le pregunt\u00f3 si se tir\u00f3 o la tiraron respondi\u00f3: \u201cSe tir\u00f3, no s\u00e9 si la empujaron, estaba discutiendo con una persona mayor. Dec\u00eda \u2018llama al 911, llama a la polic\u00eda\u2019. Y de pronto se tir\u00f3 o la tiraron\u201d.<\/p>\n","protected":false},"excerpt":{"rendered":"<p>&nbsp; \u00ab\u00a1Una se\u00f1ora se tir\u00f3 de la ventana!\u00bb, alert\u00f3 al 911 una mujer que trabajaba en el edificio de la<\/p>\n","protected":false},"author":1,"featured_media":90413,"comment_status":"closed","ping_status":"closed","sticky":false,"template":"","format":"standard","meta":{"kia_subtitle":"","footnotes":"","jetpack_publicize_message":"","jetpack_publicize_feature_enabled":true,"jetpack_social_post_already_shared":true,"jetpack_social_options":{"image_generator_settings":{"template":"highway","default_image_id":0,"font":"","enabled":false},"version":2}},"categories":[8],"tags":[],"class_list":["post-90412","post","type-post","status-publish","format-standard","has-post-thumbnail","hentry","category-policiales"],"jetpack_publicize_connections":[],"jetpack_featured_media_url":"https:\/\/laurbedigital.com.ar\/noticias\/wp-content\/uploads\/2023\/04\/20230413-Emmily.jpg","_links":{"self":[{"href":"https:\/\/laurbedigital.com.ar\/noticias\/wp-json\/wp\/v2\/posts\/90412","targetHints":{"allow":["GET"]}}],"collection":[{"href":"https:\/\/laurbedigital.com.ar\/noticias\/wp-json\/wp\/v2\/posts"}],"about":[{"href":"https:\/\/laurbedigital.com.ar\/noticias\/wp-json\/wp\/v2\/types\/post"}],"author":[{"embeddable":true,"href":"https:\/\/laurbedigital.com.ar\/noticias\/wp-json\/wp\/v2\/users\/1"}],"replies":[{"embeddable":true,"href":"https:\/\/laurbedigital.com.ar\/noticias\/wp-json\/wp\/v2\/comments?post=90412"}],"version-history":[{"count":2,"href":"https:\/\/laurbedigital.com.ar\/noticias\/wp-json\/wp\/v2\/posts\/90412\/revisions"}],"predecessor-version":[{"id":90415,"href":"https:\/\/laurbedigital.com.ar\/noticias\/wp-json\/wp\/v2\/posts\/90412\/revisions\/90415"}],"wp:featuredmedia":[{"embeddable":true,"href":"https:\/\/laurbedigital.com.ar\/noticias\/wp-json\/wp\/v2\/media\/90413"}],"wp:attachment":[{"href":"https:\/\/laurbedigital.com.ar\/noticias\/wp-json\/wp\/v2\/media?parent=90412"}],"wp:term":[{"taxonomy":"category","embeddable":true,"href":"https:\/\/laurbedigital.com.ar\/noticias\/wp-json\/wp\/v2\/categories?post=90412"},{"taxonomy":"post_tag","embeddable":true,"href":"https:\/\/laurbedigital.com.ar\/noticias\/wp-json\/wp\/v2\/tags?post=90412"}],"curies":[{"name":"wp","href":"https:\/\/api.w.org\/{rel}","templated":true}]}}