{"id":90374,"date":"2023-04-11T20:53:48","date_gmt":"2023-04-11T23:53:48","guid":{"rendered":"https:\/\/laurbedigital.com.ar\/noticias\/?p=90374"},"modified":"2023-04-11T20:53:48","modified_gmt":"2023-04-11T23:53:48","slug":"el-gobierno-extendio-por-20-dias-el-programa-precios-justos-carne","status":"publish","type":"post","link":"https:\/\/laurbedigital.com.ar\/noticias\/2023\/04\/11\/el-gobierno-extendio-por-20-dias-el-programa-precios-justos-carne\/","title":{"rendered":"El Gobierno extendi\u00f3 por 20 d\u00edas el programa Precios Justos Carne"},"content":{"rendered":"<p>&nbsp;<\/p>\n<h6><strong>La Secretar\u00eda de Comercio public\u00f3 los cortes de carne que mantendr\u00e1n su valor hasta el 30 de abril. Tambi\u00e9n reafirm\u00f3 la vigencia del reintegro del 10% en las compras con tarjeta.<\/strong><\/h6>\n<p>La Secretar\u00eda de Comercio de la Naci\u00f3n confirm\u00f3 los precios vigentes hasta el 30 de abril, es decir, por las pr\u00f3ximas tres semanas, de los sietes cortes de carne vacuna de consumo masivo que forman parte del programa Precios Justos Carne.<\/p>\n<div class=\"post-content\">\n<p>Hasta fin de mes, los precios de los siete cortes seleccionados se mantendr\u00e1n fijos tras el ajuste del 3,2% acordado con las exportadoras de carne vacuna que ingresaron en el \u00abPrograma Integral de Impulso a la Producci\u00f3n y el Consumo de Carne\u00bb.<\/p>\n<p>Tambi\u00e9n continuar\u00e1n vigentes las promociones en carnicer\u00edas de reintegro del 10% abonando con tarjetas de d\u00e9bito o cr\u00e9dito y del 35% para clientes de Banco Naci\u00f3n abonando con la App MODO para las compras de los d\u00edas viernes y s\u00e1bados.<\/p>\n<p>Los precios de los 7 cortes participantes del programa con el ajuste hasta el 30 de abril quedaron en asado $1.068 el kg, nalga $1.419 el kg, matambre $1.352 el kg, vac\u00edo $1.394 el kg, falda $697 el kg, paleta $1.149 el kg y tapa de asado 1.068 el kg.<\/p>\n<p><img loading=\"lazy\" decoding=\"async\" class=\"alignnone size-full wp-image-70168\" src=\"https:\/\/laurbedigital.com.ar\/noticias\/wp-content\/uploads\/2022\/02\/20220207-Carne.jpg\" alt=\"\" width=\"768\" height=\"428\" title=\"\" srcset=\"https:\/\/laurbedigital.com.ar\/noticias\/wp-content\/uploads\/2022\/02\/20220207-Carne.jpg 768w, https:\/\/laurbedigital.com.ar\/noticias\/wp-content\/uploads\/2022\/02\/20220207-Carne-300x167.jpg 300w\" sizes=\"auto, (max-width: 768px) 100vw, 768px\" \/><\/p>\n<p><strong>Los mismos ajustaron sus precios 3,2% desde sus valores iniciales tal como marca el \u00abPrograma Integral de Impulso a la Producci\u00f3n y el Consumo de Carne\u00bb que fuera anunciando el 13 de febrero\u00a0<\/strong>por el ministro de Econom\u00eda, Sergio Massa, el secretario de Comercio, Mat\u00edas Tombolini, y el de Agricultura, Ganader\u00eda y Pesca, Juan Jos\u00e9 Bahillo.<\/p>\n<p>\u00abLuego del 31 de marzo, los cortes tendr\u00e1n una pauta del 3,2% hasta el 30 de junio. El acuerdo, adem\u00e1s de bajar el precio con que se comercializaban estos cortes en supermercados en un 35% promedio, permitir\u00e1 aumentar el volumen que ten\u00eda el programa Cortes Cuidados (menos de 6.000 toneladas por mes) a 15.000 toneladas mensuales\u00bb, anunciaban tras llegar a un acuerdo con las c\u00e1maras del rubro y supermercados.<\/p>\n<p>&nbsp;<\/p>\n<\/div>\n","protected":false},"excerpt":{"rendered":"<p>&nbsp; La Secretar\u00eda de Comercio public\u00f3 los cortes de carne que mantendr\u00e1n su valor hasta el 30 de abril. Tambi\u00e9n<\/p>\n","protected":false},"author":1,"featured_media":89930,"comment_status":"closed","ping_status":"closed","sticky":false,"template":"","format":"standard","meta":{"kia_subtitle":"","footnotes":"","jetpack_publicize_message":"El Gobierno extendi\u00f3 por 20 d\u00edas el programa Precios Justos Carne","jetpack_publicize_feature_enabled":true,"jetpack_social_post_already_shared":true,"jetpack_social_options":{"image_generator_settings":{"template":"highway","default_image_id":0,"font":"","enabled":false},"version":2}},"categories":[3,41],"tags":[],"class_list":["post-90374","post","type-post","status-publish","format-standard","has-post-thumbnail","hentry","category-actualidad","category-nacionales"],"jetpack_publicize_connections":[],"jetpack_featured_media_url":"https:\/\/laurbedigital.com.ar\/noticias\/wp-content\/uploads\/2023\/03\/20230329-precios-justos-carnes.jpg","_links":{"self":[{"href":"https:\/\/laurbedigital.com.ar\/noticias\/wp-json\/wp\/v2\/posts\/90374","targetHints":{"allow":["GET"]}}],"collection":[{"href":"https:\/\/laurbedigital.com.ar\/noticias\/wp-json\/wp\/v2\/posts"}],"about":[{"href":"https:\/\/laurbedigital.com.ar\/noticias\/wp-json\/wp\/v2\/types\/post"}],"author":[{"embeddable":true,"href":"https:\/\/laurbedigital.com.ar\/noticias\/wp-json\/wp\/v2\/users\/1"}],"replies":[{"embeddable":true,"href":"https:\/\/laurbedigital.com.ar\/noticias\/wp-json\/wp\/v2\/comments?post=90374"}],"version-history":[{"count":3,"href":"https:\/\/laurbedigital.com.ar\/noticias\/wp-json\/wp\/v2\/posts\/90374\/revisions"}],"predecessor-version":[{"id":90377,"href":"https:\/\/laurbedigital.com.ar\/noticias\/wp-json\/wp\/v2\/posts\/90374\/revisions\/90377"}],"wp:featuredmedia":[{"embeddable":true,"href":"https:\/\/laurbedigital.com.ar\/noticias\/wp-json\/wp\/v2\/media\/89930"}],"wp:attachment":[{"href":"https:\/\/laurbedigital.com.ar\/noticias\/wp-json\/wp\/v2\/media?parent=90374"}],"wp:term":[{"taxonomy":"category","embeddable":true,"href":"https:\/\/laurbedigital.com.ar\/noticias\/wp-json\/wp\/v2\/categories?post=90374"},{"taxonomy":"post_tag","embeddable":true,"href":"https:\/\/laurbedigital.com.ar\/noticias\/wp-json\/wp\/v2\/tags?post=90374"}],"curies":[{"name":"wp","href":"https:\/\/api.w.org\/{rel}","templated":true}]}}