{"id":90222,"date":"2023-04-07T10:07:14","date_gmt":"2023-04-07T13:07:14","guid":{"rendered":"https:\/\/laurbedigital.com.ar\/noticias\/?p=90222"},"modified":"2023-04-07T10:07:14","modified_gmt":"2023-04-07T13:07:14","slug":"cascallares-recorrio-las-obras-en-la-quinta-carrillo-donde-ya-colocan-el-cerco-perimetral","status":"publish","type":"post","link":"https:\/\/laurbedigital.com.ar\/noticias\/2023\/04\/07\/cascallares-recorrio-las-obras-en-la-quinta-carrillo-donde-ya-colocan-el-cerco-perimetral\/","title":{"rendered":"Cascallares recorri\u00f3 las obras en la Quinta Carrillo donde ya colocan el cerco perimetral"},"content":{"rendered":"<p>&nbsp;<\/p>\n<h6><strong>Mariano Cascallares supervis\u00f3 las obras en la Quinta Ram\u00f3n Carrillo, donde el Municipio de Almirante Brown lleva adelante la creaci\u00f3n de un Parque Saludable para nuestro distrito. En esta etapa, los trabajos en marcha se concentran en la colocaci\u00f3n de un cerco perimetral y en la construcci\u00f3n de senderos dentro del predio preservando la riqueza natural del lugar.<\/strong><\/h6>\n<p>Se trata del espacio conocido tambi\u00e9n como \u00abVilla Antares\u00bb, ubicado en el cruce de Erezcano y Presidente Per\u00f3n, el cual fue declarado como \u201cPatrimonio Forestal\u201d y \u201cMonumento Hist\u00f3rico\u201d local por el Concejo Deliberante browniano.<\/p>\n<p>En este sentido, su valor radica no s\u00f3lo porque pertenec\u00eda al hist\u00f3rico sanitarista Ram\u00f3n Carrillo sino porque tambi\u00e9n es considerado un pulm\u00f3n verde para Almirante Brown, ya que gracias a un Censo Arb\u00f3reo realizado por la Comuna se verific\u00f3 la presencia de m\u00e1s de 1200 \u00e1rboles de distintas especies.<\/p>\n<h6>\u201cEstamos muy contentos porque en articulaci\u00f3n con el Gobierno Nacional avanzamos a todo ritmo con las obras en la Quinta Carrillo para la creaci\u00f3n del Parque Saludable, un espacio que es considerado un\u00a0\u00edcono para la salud y la cultura de nuestro querido distrito\u201d, destac\u00f3 Mariano Cascallares durante la recorrida.<\/h6>\n<p>Mientras tanto se destac\u00f3 que la colocaci\u00f3n del cerco perimetral en todo el predio como la creaci\u00f3n de los senderos se lleva adelante respetando el patrimonio arb\u00f3reo y natural del lugar.<\/p>\n<p><img loading=\"lazy\" decoding=\"async\" class=\"alignnone size-large wp-image-90225\" src=\"https:\/\/laurbedigital.com.ar\/noticias\/wp-content\/uploads\/2023\/04\/quinta6-1024x683.jpg\" alt=\"\" width=\"800\" height=\"534\" title=\"\" srcset=\"https:\/\/laurbedigital.com.ar\/noticias\/wp-content\/uploads\/2023\/04\/quinta6-1024x683.jpg 1024w, https:\/\/laurbedigital.com.ar\/noticias\/wp-content\/uploads\/2023\/04\/quinta6-300x200.jpg 300w, https:\/\/laurbedigital.com.ar\/noticias\/wp-content\/uploads\/2023\/04\/quinta6-768x512.jpg 768w, https:\/\/laurbedigital.com.ar\/noticias\/wp-content\/uploads\/2023\/04\/quinta6-1536x1024.jpg 1536w, https:\/\/laurbedigital.com.ar\/noticias\/wp-content\/uploads\/2023\/04\/quinta6.jpg 1600w\" sizes=\"auto, (max-width: 800px) 100vw, 800px\" \/><\/p>\n<p>Cabe recordar que hace unos meses, Cascallares y el intendente interino de Almirante Brown, Juan Fabiani, visitaron el lugar junto a\u00a0Ram\u00f3n Carrillo, hijo del hist\u00f3rico sanitarista argentino, quien vivi\u00f3 en la quinta entre 1969 y 1980, transitando en ese lugar tan especial su adolescencia y los inicios de su vida adulta.<\/p>\n<h4><b>Las obras<\/b><\/h4>\n<p>La construcci\u00f3n del \u00abParque Semip\u00fablico &#8211; Quinta Ram\u00f3n Carrillo\u00bb comenz\u00f3 a principios de diciembre y tiene un plazo de obra de 180 d\u00edas, con una fecha de finalizaci\u00f3n aproximada para principios de junio.<\/p>\n<p>El proyecto se desarrolla dentro del predio de la quinta respetando la vivienda principal y la forestaci\u00f3n existente proponiendo caminos para su recorrido, espacios de reuni\u00f3n, de uso y descanso.<\/p>\n<p><img loading=\"lazy\" decoding=\"async\" class=\"alignnone size-large wp-image-90224\" src=\"https:\/\/laurbedigital.com.ar\/noticias\/wp-content\/uploads\/2023\/04\/quinta2-1024x683.jpg\" alt=\"\" width=\"800\" height=\"534\" title=\"\" srcset=\"https:\/\/laurbedigital.com.ar\/noticias\/wp-content\/uploads\/2023\/04\/quinta2-1024x683.jpg 1024w, https:\/\/laurbedigital.com.ar\/noticias\/wp-content\/uploads\/2023\/04\/quinta2-300x200.jpg 300w, https:\/\/laurbedigital.com.ar\/noticias\/wp-content\/uploads\/2023\/04\/quinta2-768x512.jpg 768w, https:\/\/laurbedigital.com.ar\/noticias\/wp-content\/uploads\/2023\/04\/quinta2-1536x1024.jpg 1536w, https:\/\/laurbedigital.com.ar\/noticias\/wp-content\/uploads\/2023\/04\/quinta2.jpg 1600w\" sizes=\"auto, (max-width: 800px) 100vw, 800px\" \/><\/p>\n<p>En este sentido, se realizan senderos de asfalto bordeando toda la quinta para realizar actividades deportivas, con un recorrido total de ida y vuelta de 1 kil\u00f3metro, adem\u00e1s de la incorporaci\u00f3n de estaciones equipadas con juegos para la salud y luminarias LED.<\/p>\n<p>En el sector donde se ubica la vivienda donde residi\u00f3 Ram\u00f3n Carrillo, la cual se pondr\u00e1 en valor para el funcionamiento de un museo y se complementar\u00e1 con la construcci\u00f3n de un\u00a0nuevo\u00a0edificio que funcionar\u00e1 como centro de capacitaci\u00f3n de salud, se realizar\u00e1 una plaza seca para utilizar como atrio y punto de encuentro de estos dos edificios.<\/p>\n<p>Asimismo, frente a la casa original, sobre la plaza seca, se instalar\u00e1 una escultura en conmemoraci\u00f3n al Dr. Ram\u00f3n Carrillo y se construir\u00e1 a pocos metros un edificio de sanitarios p\u00fablicos y un espacio destinado a bar de alimentos saludables y bebidas.<\/p>\n<p>&nbsp;<\/p>\n<p>&nbsp;<\/p>\n","protected":false},"excerpt":{"rendered":"<p>&nbsp; Mariano Cascallares supervis\u00f3 las obras en la Quinta Ram\u00f3n Carrillo, donde el Municipio de Almirante Brown lleva adelante la<\/p>\n","protected":false},"author":1,"featured_media":90223,"comment_status":"closed","ping_status":"closed","sticky":false,"template":"","format":"standard","meta":{"kia_subtitle":"","footnotes":"","jetpack_publicize_message":"Cascallares recorri\u00f3 las obras en la Quinta Carrillo donde ya colocan el cerco perimetral","jetpack_publicize_feature_enabled":true,"jetpack_social_post_already_shared":true,"jetpack_social_options":{"image_generator_settings":{"template":"highway","default_image_id":0,"font":"","enabled":false},"version":2}},"categories":[2,33],"tags":[],"class_list":["post-90222","post","type-post","status-publish","format-standard","has-post-thumbnail","hentry","category-alte-brown","category-alte-brown-alte-brown"],"jetpack_publicize_connections":[],"jetpack_featured_media_url":"https:\/\/laurbedigital.com.ar\/noticias\/wp-content\/uploads\/2023\/04\/20230407-Brown-Cascallares.jpg","_links":{"self":[{"href":"https:\/\/laurbedigital.com.ar\/noticias\/wp-json\/wp\/v2\/posts\/90222","targetHints":{"allow":["GET"]}}],"collection":[{"href":"https:\/\/laurbedigital.com.ar\/noticias\/wp-json\/wp\/v2\/posts"}],"about":[{"href":"https:\/\/laurbedigital.com.ar\/noticias\/wp-json\/wp\/v2\/types\/post"}],"author":[{"embeddable":true,"href":"https:\/\/laurbedigital.com.ar\/noticias\/wp-json\/wp\/v2\/users\/1"}],"replies":[{"embeddable":true,"href":"https:\/\/laurbedigital.com.ar\/noticias\/wp-json\/wp\/v2\/comments?post=90222"}],"version-history":[{"count":3,"href":"https:\/\/laurbedigital.com.ar\/noticias\/wp-json\/wp\/v2\/posts\/90222\/revisions"}],"predecessor-version":[{"id":90228,"href":"https:\/\/laurbedigital.com.ar\/noticias\/wp-json\/wp\/v2\/posts\/90222\/revisions\/90228"}],"wp:featuredmedia":[{"embeddable":true,"href":"https:\/\/laurbedigital.com.ar\/noticias\/wp-json\/wp\/v2\/media\/90223"}],"wp:attachment":[{"href":"https:\/\/laurbedigital.com.ar\/noticias\/wp-json\/wp\/v2\/media?parent=90222"}],"wp:term":[{"taxonomy":"category","embeddable":true,"href":"https:\/\/laurbedigital.com.ar\/noticias\/wp-json\/wp\/v2\/categories?post=90222"},{"taxonomy":"post_tag","embeddable":true,"href":"https:\/\/laurbedigital.com.ar\/noticias\/wp-json\/wp\/v2\/tags?post=90222"}],"curies":[{"name":"wp","href":"https:\/\/api.w.org\/{rel}","templated":true}]}}