{"id":89255,"date":"2023-03-13T10:16:17","date_gmt":"2023-03-13T13:16:17","guid":{"rendered":"https:\/\/laurbedigital.com.ar\/noticias\/?p=89255"},"modified":"2023-03-12T20:22:28","modified_gmt":"2023-03-12T23:22:28","slug":"convocan-a-una-nueva-marcha-del-24-de-marzo","status":"publish","type":"post","link":"https:\/\/laurbedigital.com.ar\/noticias\/2023\/03\/13\/convocan-a-una-nueva-marcha-del-24-de-marzo\/","title":{"rendered":"Convocan a una nueva marcha del 24 de Marzo"},"content":{"rendered":"<p>&nbsp;<\/p>\n<header>\n<div class=\"excerpt\">\n<h6><strong>La organizaci\u00f3n Abuelas de Plaza de Mayo y otros organismos de Derechos Humanos anunciaron que volver\u00e1n a marchar el 24 de marzo en conmemoraci\u00f3n del D\u00eda Nacional de la Memoria por la Verdad y la Justicia, tras cumplirse 46 a\u00f1os desde el golpe militar que desapareci\u00f3 a 30 mil personas.<\/strong><\/h6>\n<\/div>\n<\/header>\n<div class=\"post-content\">\n<div class=\"\">\n<p>\u201cEste 24 de marzo, a 46 a\u00f1os del golpe Genocida: \u00a1Volvemos a marchar a Plaza de Mayo! Con 30.000 luchas como bandera\u201d, publicaron en la cuenta oficial del organismo.<\/p>\n<p>La tradicional movilizaci\u00f3n retorna luego de haber sido suspendida los \u00faltimos dos a\u00f1os para evitar concentraciones multitudinarias en el contexto de la pandemia del coronavirus.<\/p>\n<p>Adem\u00e1s, en el comunicado se precis\u00f3 que la convocatoria ser\u00e1 a partir de las 14 horas en 9 de Julio y Av. de Mayo.<\/p>\n<p>El posteo en la red social fue acompa\u00f1ado por el hashtag #Son30mil y una imagen con la consigna \u201cVolvemos a marchar \u00a130.000 presentes! \u00a1Ahora y siempre!\u201d<\/p>\n<p>Adem\u00e1s de Abuelas de Plaza de Mayo firmaron el comunicado difundido: Madres de Plaza de Mayo L\u00ednea Fundadora, Familiares de Desaparecidos y Detenidos por Razones Pol\u00edticas, H.I.J.O.S Capital, Asamblea Permanente por los Derechos Humanos, Centro de Estudios Legales y Sociales, Liga Argentina por los Derechos Humanos, Movimiento Ecum\u00e9nico por los Derechos Humanos, entre otros.<\/p>\n<p>&nbsp;<\/p>\n<\/div>\n<\/div>\n","protected":false},"excerpt":{"rendered":"<p>&nbsp; La organizaci\u00f3n Abuelas de Plaza de Mayo y otros organismos de Derechos Humanos anunciaron que volver\u00e1n a marchar el<\/p>\n","protected":false},"author":1,"featured_media":89256,"comment_status":"closed","ping_status":"closed","sticky":false,"template":"","format":"standard","meta":{"kia_subtitle":"","footnotes":"","jetpack_publicize_message":"Convocan a una nueva marcha del 24 de Marzo","jetpack_publicize_feature_enabled":true,"jetpack_social_post_already_shared":true,"jetpack_social_options":{"image_generator_settings":{"template":"highway","default_image_id":0,"font":"","enabled":false},"version":2}},"categories":[3,61,41],"tags":[],"class_list":["post-89255","post","type-post","status-publish","format-standard","has-post-thumbnail","hentry","category-actualidad","category-ddhh","category-nacionales"],"jetpack_publicize_connections":[],"jetpack_featured_media_url":"https:\/\/laurbedigital.com.ar\/noticias\/wp-content\/uploads\/2023\/03\/20230313-Abuelas.jpg","_links":{"self":[{"href":"https:\/\/laurbedigital.com.ar\/noticias\/wp-json\/wp\/v2\/posts\/89255","targetHints":{"allow":["GET"]}}],"collection":[{"href":"https:\/\/laurbedigital.com.ar\/noticias\/wp-json\/wp\/v2\/posts"}],"about":[{"href":"https:\/\/laurbedigital.com.ar\/noticias\/wp-json\/wp\/v2\/types\/post"}],"author":[{"embeddable":true,"href":"https:\/\/laurbedigital.com.ar\/noticias\/wp-json\/wp\/v2\/users\/1"}],"replies":[{"embeddable":true,"href":"https:\/\/laurbedigital.com.ar\/noticias\/wp-json\/wp\/v2\/comments?post=89255"}],"version-history":[{"count":2,"href":"https:\/\/laurbedigital.com.ar\/noticias\/wp-json\/wp\/v2\/posts\/89255\/revisions"}],"predecessor-version":[{"id":89258,"href":"https:\/\/laurbedigital.com.ar\/noticias\/wp-json\/wp\/v2\/posts\/89255\/revisions\/89258"}],"wp:featuredmedia":[{"embeddable":true,"href":"https:\/\/laurbedigital.com.ar\/noticias\/wp-json\/wp\/v2\/media\/89256"}],"wp:attachment":[{"href":"https:\/\/laurbedigital.com.ar\/noticias\/wp-json\/wp\/v2\/media?parent=89255"}],"wp:term":[{"taxonomy":"category","embeddable":true,"href":"https:\/\/laurbedigital.com.ar\/noticias\/wp-json\/wp\/v2\/categories?post=89255"},{"taxonomy":"post_tag","embeddable":true,"href":"https:\/\/laurbedigital.com.ar\/noticias\/wp-json\/wp\/v2\/tags?post=89255"}],"curies":[{"name":"wp","href":"https:\/\/api.w.org\/{rel}","templated":true}]}}