{"id":88996,"date":"2023-03-06T08:28:33","date_gmt":"2023-03-06T11:28:33","guid":{"rendered":"https:\/\/laurbedigital.com.ar\/noticias\/?p=88996"},"modified":"2023-03-06T12:25:32","modified_gmt":"2023-03-06T15:25:32","slug":"tras-15-anos-de-discusion-la-onu-alcanzo-un-acuerdo-clave-para-la-preservacion-de-los-oceanostras-15-anos-de-discusion-la-onu-alcanzo-un-acuerdo-clave-para-la-preservacion-de-los-oceanos","status":"publish","type":"post","link":"https:\/\/laurbedigital.com.ar\/noticias\/2023\/03\/06\/tras-15-anos-de-discusion-la-onu-alcanzo-un-acuerdo-clave-para-la-preservacion-de-los-oceanostras-15-anos-de-discusion-la-onu-alcanzo-un-acuerdo-clave-para-la-preservacion-de-los-oceanos\/","title":{"rendered":"Tras 15 a\u00f1os de discusi\u00f3n, la ONU alcanz\u00f3 un acuerdo clave para la preservaci\u00f3n de los oc\u00e9anos"},"content":{"rendered":"<p>&nbsp;<\/p>\n<h6>Pese a que representa m\u00e1s del 60% de los oc\u00e9anos y casi la mitad del planeta, la altamar ha sido ignorada durante mucho tiempo. Cuando el tratado entre en vigor, se podr\u00e1n crear zonas marinas protegidas en aguas internacionales.<\/h6>\n<p>Los pa\u00edses miembros de la ONU alcanzaron un acuerdo para\u00a0<strong>crear el primer tratado internacional de protecci\u00f3n de la altamar y la biodiversidad<\/strong>\u00a0de \u00e1reas fuera de las jurisdicciones nacionales.<\/p>\n<p>\u00abEl barco lleg\u00f3 a la costa\u00bb, anunci\u00f3 anoche la presidenta de la conferencia, Rena Lee, en la sede de la Organizaci\u00f3n de las Naciones Unidas en Nueva York.<\/p>\n<p><strong>Tras m\u00e1s de 15 a\u00f1os de discusiones<\/strong>, incluidos cuatro de conversaciones formales, la tercera sesi\u00f3n de negociaci\u00f3n en menos de un a\u00f1o, anunci\u00f3 consenso.<\/p>\n<p>El tratado es considerado esencial para conservar el 30% de la tierra y los oc\u00e9anos del mundo hacia 2030 como acordaron los gobiernos del globo en un acuerdo firmado en Montreal en diciembre. Actualmente apenas el 1% de la altamar est\u00e1 protegida.<\/p>\n<p>\u00abEste es un d\u00eda hist\u00f3rico para la conservaci\u00f3n y un signo de que, en un mundo dividido, proteger la naturaleza y a las personas triunfa sobre la geopol\u00edtica\u00bb, opin\u00f3 Laura Meller de Greenpeace, seg\u00fan consign\u00f3 la agencia de noticias AFP.<\/p>\n<p>Tras dos semanas de intensas conversaciones en la sede de la ONU, incluida una marat\u00f3nica sesi\u00f3n nocturna entre el viernes y el s\u00e1bado, los delegados ultimaron un texto que no puede sufrir alteraciones significativas.<\/p>\n<p>\u00abNo habr\u00e1 reapertura ni negociaciones sustanciales\u00bb, dijo Lee a los negociadores.<\/p>\n<p>El acuerdo al que se arrib\u00f3 en la Conferencia Intergubernamental sobre Biodiversidad Marina de \u00c1reas Fuera de la Jurisdicci\u00f3n Nacional (BBNJ) se adoptar\u00e1 formalmente una vez que haya sido examinado por juristas y traducido a las seis lenguas oficiales de las Naciones Unidas, anunci\u00f3.<\/p>\n<p>El secretario general de las Naciones Unidas, Antonio Guterres, felicit\u00f3 a los delegados, de acuerdo con un vocero que transmiti\u00f3 que este acuerdo era una \u00abvictoria para el multilateralismo y para los esfuerzos globales para contrarrestar las tendencias destructivas que afectan la salud de los oc\u00e9anos\u00bb.<\/p>\n<p>La Uni\u00f3n Europea aplaudi\u00f3 un \u00abpaso crucial para preservar la vida marina y la biodiversidad, que son esenciales para nosotros y para las generaciones venideras\u00bb.<\/p>\n<p><img loading=\"lazy\" decoding=\"async\" class=\"alignnone size-full wp-image-88997\" src=\"https:\/\/laurbedigital.com.ar\/noticias\/wp-content\/uploads\/2023\/03\/20230305-Ballena.jpg\" alt=\"\" width=\"768\" height=\"428\" title=\"\" srcset=\"https:\/\/laurbedigital.com.ar\/noticias\/wp-content\/uploads\/2023\/03\/20230305-Ballena.jpg 768w, https:\/\/laurbedigital.com.ar\/noticias\/wp-content\/uploads\/2023\/03\/20230305-Ballena-300x167.jpg 300w\" sizes=\"auto, (max-width: 768px) 100vw, 768px\" \/><\/p>\n<h4><strong>Qu\u00e9 es y d\u00f3nde empieza la altamar<\/strong><\/h4>\n<p>La altamar comienza donde terminan las Zonas Econ\u00f3micas Exclusivas (ZEE) de los Estados, a un m\u00e1ximo de 200 millas n\u00e1uticas (370 km) de la costa, por lo que no est\u00e1 bajo jurisdicci\u00f3n de ning\u00fan pa\u00eds.<\/p>\n<p>Pese a que\u00a0<strong>representa m\u00e1s del 60% de los oc\u00e9anos y casi la mitad del planeta<\/strong>, la altamar ha sido ignorada durante mucho tiempo ya que la atenci\u00f3n se ha centrado en las zonas costeras y las especies emblem\u00e1ticas.<\/p>\n<p>La ciencia demostr\u00f3 la importancia de proteger todos estos oc\u00e9anos con una biodiversidad a menudo microsc\u00f3pica, que proporciona la mitad del ox\u00edgeno que respiramos y limita el calentamiento clim\u00e1tico al absorber una parte importante del CO2 que genera la actividad humana.<\/p>\n<p>Sin embargo, los oc\u00e9anos se debilitan, v\u00edctimas de estas emisiones (calentamiento, acidificaci\u00f3n del agua), contaminantes de todo tipo y la sobrepesca.<\/p>\n<p>Cuando el tratado entre en vigor despu\u00e9s de haber sido formalmente adoptado, firmado y ratificado por un n\u00famero suficiente de pa\u00edses, se podr\u00e1n crear zonas marinas protegidas en aguas internacionales.<\/p>\n<p>\u00abLa vida en la Tierra depende de un oc\u00e9ano con buena salud. El nuevo tratado sobre altamar ser\u00e1 vital para nuestro objetivo com\u00fan de proteger el 30% de los oc\u00e9anos para 2030\u00bb, dijo en Nueva York M\u00f3nica Medina, responsable de los oc\u00e9anos en el Departamento de Estado estadounidense.<\/p>\n<p>El tratado sobre \u00abla conservaci\u00f3n y la utilizaci\u00f3n sostenible de la biodiversidad marina de las zonas que no dependen de la jurisdicci\u00f3n nacional\u00bb introduce tambi\u00e9n la obligaci\u00f3n de realizar estudios de impacto ambiental de las actividades que se vayan a realizar en la altamar.<\/p>\n<p>Otro cap\u00edtulo muy sensible que mantuvo las tensiones hasta el \u00faltimo minuto es el principio de compartir los beneficios de los recursos marinos gen\u00e9ticos procedentes de la altamar.<\/p>\n<div class=\"col-md-8\">\n<div class=\"row\">\n<div class=\"content_section wrapper-sections py-3\">\n<article class=\"note-content\">\n<div class=\"wrapper-editable-content\">\n<div>\n<div class=\"wrapper-editable-content\">\n<div>\n<div class=\"container-md\">\n<div class=\"row\">\n<div class=\"col-md-12 speak\">\n<div class=\"paragraph\">\n<p>Los pa\u00edses en desarrollo que no tienen los medios para financiar costosas expediciones e investigaciones lucharon para no ser excluidos de los resultados de la posible comercializaci\u00f3n por empresas farmac\u00e9uticas o cosm\u00e9ticas de mol\u00e9culas milagrosas procedentes de estos organismos marinos que no pertenecen a nadie.<\/p>\n<p>Como en otros foros internacionales, en particular en las negociaciones sobre el clima, el debate se ha resumido a una cuesti\u00f3n de equidad Norte-Sur, seg\u00fan los observadores.<\/p>\n<p>La Uni\u00f3n Europea prometi\u00f3 en Nueva York 40 millones de euros (42,4 millones de d\u00f3lares) para facilitar la ratificaci\u00f3n del tratado y su aplicaci\u00f3n inicial.<\/p>\n<p>Asimismo, anunci\u00f3 en Panam\u00e1 m\u00e1s de 800 millones de euros (848 millones de d\u00f3lares) para proteger los oc\u00e9anos para 2023 en la conferencia \u00abNuestro oc\u00e9anos\u00bb que concluy\u00f3 el viernes.<\/p>\n<p>En total, la ministra paname\u00f1a de Relaciones Exteriores, Janaina Tewaney, anunci\u00f3 \u00ab341 nuevos compromisos\u00bb de un monto de cerca de 20.000 millones de d\u00f3lares -de ellos cerca de 6.000 millones ofrecidos por Estados Unidos- que se adoptaron durante esta conferencia para proteger los mares.<\/p>\n<\/div>\n<\/div>\n<\/div>\n<\/div>\n<\/div>\n<\/div>\n<\/div>\n<\/div>\n<\/article>\n<\/div>\n<\/div>\n<\/div>\n<div class=\"col-md-4\">\n<div class=\"row\">\n<div class=\"wrapper-mininota pt-4 mt-3\">\n<div class=\"bg-mininota\">\n<p>&nbsp;<\/p>\n<\/div>\n<\/div>\n<\/div>\n<\/div>\n","protected":false},"excerpt":{"rendered":"<p>&nbsp; Pese a que representa m\u00e1s del 60% de los oc\u00e9anos y casi la mitad del planeta, la altamar ha<\/p>\n","protected":false},"author":1,"featured_media":88998,"comment_status":"closed","ping_status":"closed","sticky":false,"template":"","format":"standard","meta":{"kia_subtitle":"","footnotes":"","jetpack_publicize_message":"Tras 15 a\u00f1os de discusi\u00f3n, la ONU alcanz\u00f3 un acuerdo clave para la preservaci\u00f3n de los oc\u00e9anosTras 15 a\u00f1os de discusi\u00f3n, la ONU alcanz\u00f3 un acuerdo clave para la preservaci\u00f3n de los oc\u00e9anos","jetpack_publicize_feature_enabled":true,"jetpack_social_post_already_shared":true,"jetpack_social_options":{"image_generator_settings":{"template":"highway","default_image_id":0,"font":"","enabled":false},"version":2}},"categories":[15],"tags":[],"class_list":["post-88996","post","type-post","status-publish","format-standard","has-post-thumbnail","hentry","category-tendencias"],"jetpack_publicize_connections":[],"jetpack_featured_media_url":"https:\/\/laurbedigital.com.ar\/noticias\/wp-content\/uploads\/2023\/03\/20230305-Ballena1.jpg","_links":{"self":[{"href":"https:\/\/laurbedigital.com.ar\/noticias\/wp-json\/wp\/v2\/posts\/88996","targetHints":{"allow":["GET"]}}],"collection":[{"href":"https:\/\/laurbedigital.com.ar\/noticias\/wp-json\/wp\/v2\/posts"}],"about":[{"href":"https:\/\/laurbedigital.com.ar\/noticias\/wp-json\/wp\/v2\/types\/post"}],"author":[{"embeddable":true,"href":"https:\/\/laurbedigital.com.ar\/noticias\/wp-json\/wp\/v2\/users\/1"}],"replies":[{"embeddable":true,"href":"https:\/\/laurbedigital.com.ar\/noticias\/wp-json\/wp\/v2\/comments?post=88996"}],"version-history":[{"count":3,"href":"https:\/\/laurbedigital.com.ar\/noticias\/wp-json\/wp\/v2\/posts\/88996\/revisions"}],"predecessor-version":[{"id":89029,"href":"https:\/\/laurbedigital.com.ar\/noticias\/wp-json\/wp\/v2\/posts\/88996\/revisions\/89029"}],"wp:featuredmedia":[{"embeddable":true,"href":"https:\/\/laurbedigital.com.ar\/noticias\/wp-json\/wp\/v2\/media\/88998"}],"wp:attachment":[{"href":"https:\/\/laurbedigital.com.ar\/noticias\/wp-json\/wp\/v2\/media?parent=88996"}],"wp:term":[{"taxonomy":"category","embeddable":true,"href":"https:\/\/laurbedigital.com.ar\/noticias\/wp-json\/wp\/v2\/categories?post=88996"},{"taxonomy":"post_tag","embeddable":true,"href":"https:\/\/laurbedigital.com.ar\/noticias\/wp-json\/wp\/v2\/tags?post=88996"}],"curies":[{"name":"wp","href":"https:\/\/api.w.org\/{rel}","templated":true}]}}