{"id":88877,"date":"2023-03-02T08:32:01","date_gmt":"2023-03-02T11:32:01","guid":{"rendered":"https:\/\/laurbedigital.com.ar\/noticias\/?p=88877"},"modified":"2023-03-01T22:37:08","modified_gmt":"2023-03-02T01:37:08","slug":"comienza-la-auditoria-a-edesur-tras-los-cortes-en-el-amba-en-plena-ola-de-calor","status":"publish","type":"post","link":"https:\/\/laurbedigital.com.ar\/noticias\/2023\/03\/02\/comienza-la-auditoria-a-edesur-tras-los-cortes-en-el-amba-en-plena-ola-de-calor\/","title":{"rendered":"Comienza la auditor\u00eda a Edesur tras los cortes en el AMBA en plena ola de calor"},"content":{"rendered":"<h6><\/h6>\n<h6 class=\"news-headline__article-summary\"><strong>Dos resoluciones del Ente Nacional Regulador de la Electricidad (ENRE) dieron inicio a los estudios t\u00e9cnicos sobre los procesos de la empresa y a las multas que deber\u00e1 pagar a los usuarios afectados.<\/strong><\/h6>\n<div class=\"simple-meta unknown-author\">\n<div class=\"simple-date\"><\/div>\n<div>Tras <strong>los cortes de luz que sufrieron casi un mill\u00f3n de usuarios de Edesur\u00a0en el \u00c1rea Metropolitana de Buenos Aires (AMBA) entre el 8 y el 13 de febrero<\/strong>, el interventor del\u00a0<strong>Ente Nacional Regulador de la Electricidad (ENRE)<\/strong>, Walter Martello, firm\u00f3 dos resoluciones que dieron inicio a la\u00a0<strong>auditor\u00eda t\u00e9cnica sobre la empresa y a la primera etapa de un conjunto de sanciones\u00a0que la distribuidora deber\u00e1 abonar<\/strong>.<\/div>\n<\/div>\n<div class=\"content-container\">\n<article class=\"article-body article-body--first-paragraph\">A trav\u00e9s de la Resoluci\u00f3n ENRE N\u00b0 237\/2023,\u00a0<strong>Martello dispuso la realizaci\u00f3n de una auditor\u00eda t\u00e9cnica integral en la empresa Edesur S.A para determinar la capacidad y confiabilidad del servicio p\u00fablico de distribuci\u00f3n de electricidad<\/strong>\u00a0y fiscalizar la calidad de servicio establecida en el contrato de concesi\u00f3n.<\/p>\n<\/article>\n<div class=\"free-banner-wrapper mx-auto text-center\">\n<p>Esta tarea ser\u00e1 desarrollada por un equipo interdisciplinario que verificar\u00e1 los procesos de <strong>atenci\u00f3n primaria de reclamos, operaci\u00f3n y gesti\u00f3n, mantenimiento correctivo y preventivo, planificaci\u00f3n de inversiones, gesti\u00f3n de p\u00e9rdidas, y auditor\u00edas internas de costos<\/strong>.<\/p>\n<\/div>\n<article class=\"article-body article-body--first-paragraph\">Con este nuevo criterio de control adoptado,<strong>\u00a0el ENRE podr\u00e1 acceder en tiempo real a los procesos y recursos que conllevan sistem\u00e1ticamente al incumplimiento de los par\u00e1metros de calidad establecidos<\/strong>, manteniendo a la vez el control por resultados que permite aplicar las sanciones por tales deficiencias.<\/p>\n<p>Por otra parte, mediante la Resoluci\u00f3n ENRE N\u00b0 236\/2023 el interventor del ente determin\u00f3 el<strong>\u00a0inicio del proceso de aplicaci\u00f3n de un conjunto de sanciones a la empresa Edesur\u00a0<\/strong>por las afectaciones en el servicio el\u00e9ctrico durante el mes de febrero.<\/p>\n<p>En esta primera instancia sancionatoria,\u00a0<strong>la empresa deber\u00e1 pagar resarcimientos a los usuarios afectados por cortes de suministro cuya duraci\u00f3n haya sido igual o mayor a las 10 horas<\/strong>, seg\u00fan lo establece la normativa vigente para este tipo de eventos, y sin perjuicio de las sanciones que se encuentran en desarrollo.<\/p>\n<p><strong>Los montos deber\u00e1n ser acreditados por la empresa en las facturas de servicio de los usuarios dentro de los veinte d\u00edas h\u00e1biles administrativos<\/strong>, a partir de la notificaci\u00f3n de esta resoluci\u00f3n.<\/p>\n<p>Estas sanciones correspondientes a las afectaciones al servicio el\u00e9ctrico durante el mes de febrero\u00a0<strong>se suman a los m\u00e1s de $3.772 millones aplicados a la distribuidora Edesur desde septiembre de 2022<\/strong>.<\/p>\n<p>&nbsp;<\/p>\n<\/article>\n<\/div>\n","protected":false},"excerpt":{"rendered":"<p>Dos resoluciones del Ente Nacional Regulador de la Electricidad (ENRE) dieron inicio a los estudios t\u00e9cnicos sobre los procesos de<\/p>\n","protected":false},"author":1,"featured_media":31352,"comment_status":"closed","ping_status":"closed","sticky":false,"template":"","format":"standard","meta":{"kia_subtitle":"","footnotes":"","jetpack_publicize_message":"Comienza la auditor\u00eda a Edesur tras los cortes en el AMBA en plena ola de calor","jetpack_publicize_feature_enabled":true,"jetpack_social_post_already_shared":true,"jetpack_social_options":{"image_generator_settings":{"template":"highway","default_image_id":0,"font":"","enabled":false},"version":2}},"categories":[13],"tags":[],"class_list":["post-88877","post","type-post","status-publish","format-standard","has-post-thumbnail","hentry","category-region"],"jetpack_publicize_connections":[],"jetpack_featured_media_url":"https:\/\/laurbedigital.com.ar\/noticias\/wp-content\/uploads\/2020\/07\/20200720-edesur.jpg","_links":{"self":[{"href":"https:\/\/laurbedigital.com.ar\/noticias\/wp-json\/wp\/v2\/posts\/88877","targetHints":{"allow":["GET"]}}],"collection":[{"href":"https:\/\/laurbedigital.com.ar\/noticias\/wp-json\/wp\/v2\/posts"}],"about":[{"href":"https:\/\/laurbedigital.com.ar\/noticias\/wp-json\/wp\/v2\/types\/post"}],"author":[{"embeddable":true,"href":"https:\/\/laurbedigital.com.ar\/noticias\/wp-json\/wp\/v2\/users\/1"}],"replies":[{"embeddable":true,"href":"https:\/\/laurbedigital.com.ar\/noticias\/wp-json\/wp\/v2\/comments?post=88877"}],"version-history":[{"count":2,"href":"https:\/\/laurbedigital.com.ar\/noticias\/wp-json\/wp\/v2\/posts\/88877\/revisions"}],"predecessor-version":[{"id":88879,"href":"https:\/\/laurbedigital.com.ar\/noticias\/wp-json\/wp\/v2\/posts\/88877\/revisions\/88879"}],"wp:featuredmedia":[{"embeddable":true,"href":"https:\/\/laurbedigital.com.ar\/noticias\/wp-json\/wp\/v2\/media\/31352"}],"wp:attachment":[{"href":"https:\/\/laurbedigital.com.ar\/noticias\/wp-json\/wp\/v2\/media?parent=88877"}],"wp:term":[{"taxonomy":"category","embeddable":true,"href":"https:\/\/laurbedigital.com.ar\/noticias\/wp-json\/wp\/v2\/categories?post=88877"},{"taxonomy":"post_tag","embeddable":true,"href":"https:\/\/laurbedigital.com.ar\/noticias\/wp-json\/wp\/v2\/tags?post=88877"}],"curies":[{"name":"wp","href":"https:\/\/api.w.org\/{rel}","templated":true}]}}