{"id":88756,"date":"2023-02-26T14:17:04","date_gmt":"2023-02-26T17:17:04","guid":{"rendered":"https:\/\/laurbedigital.com.ar\/noticias\/?p=88756"},"modified":"2023-02-26T14:18:26","modified_gmt":"2023-02-26T17:18:26","slug":"en-almirante-brown-esta-abierta-la-preinscripcion-al-plan-fines-2023","status":"publish","type":"post","link":"https:\/\/laurbedigital.com.ar\/noticias\/2023\/02\/26\/en-almirante-brown-esta-abierta-la-preinscripcion-al-plan-fines-2023\/","title":{"rendered":"En Almirante Brown est\u00e1 abierta la preinscripci\u00f3n al plan FinEs 2023"},"content":{"rendered":"<h6 dir=\"ltr\"><\/h6>\n<h6 dir=\"ltr\"><strong>El Municipio de Almirante Brown, a trav\u00e9s de la Secretar\u00eda de Educaci\u00f3n, Ciencia y Tecnolog\u00eda, anunci\u00f3 que hasta el 15 de marzo se encuentra abierta la preinscripci\u00f3n al Programa de Finalizaci\u00f3n de Estudios Primarios o Secundarios (FinEs) 2023.<\/strong><\/h6>\n<p dir=\"ltr\">La convocatoria est\u00e1 dirigida a las vecinas y los vecinos a partir de los 18 a\u00f1os que no hayan iniciado o completado su educaci\u00f3n primaria o secundaria y tengan intenciones de hacerlo retomando sus estudios.<\/p>\n<p>Para avanzar con la preinscripci\u00f3n los y las interesadas deber\u00e1n ingresar al siguiente link: <a href=\"https:\/\/fines.educacion.gob.ar\/\" target=\"_blank\" rel=\"nofollow noopener\" data-saferedirecturl=\"https:\/\/www.google.com\/url?q=https:\/\/fines.educacion.gob.ar\/&amp;source=gmail&amp;ust=1677517661794000&amp;usg=AOvVaw2kh6oBSdPZBVIejwAeTZYq\">https:\/\/fines.educacion.gob.<wbr \/>ar\/<\/a> y completar los datos solicitados.<\/p>\n<p>La propuesta de cursada es presencial para avanzar con el trayecto adeudado o rendir las materias que est\u00e9n pendientes, acompa\u00f1ado de docentes tutores.<\/p>\n<p>Adem\u00e1s, el Municipio de Almirante Brown pone a disposici\u00f3n puntos itinerantes para realizar la preinscripci\u00f3n de forma presencial. Por ejemplo, este 17 de febrero se llev\u00f3 adelante en la Plaza Los Aromos de Nuestra Se\u00f1ora de Luj\u00e1n de Jos\u00e9 M\u00e1rmol.<\/p>\n<p>Quienes asistan deber\u00e1n ser mayores de 18 a\u00f1os y llevar fotocopia de DNI, de partida de nacimiento, constancia de cuil y de los \u00faltimos estudios o anal\u00edtico parcial de primaria.<\/p>\n<p><img loading=\"lazy\" decoding=\"async\" class=\"alignnone size-large wp-image-88758\" src=\"https:\/\/laurbedigital.com.ar\/noticias\/wp-content\/uploads\/2023\/02\/fines2-1024x683.jpg\" alt=\"\" width=\"800\" height=\"534\" title=\"\" srcset=\"https:\/\/laurbedigital.com.ar\/noticias\/wp-content\/uploads\/2023\/02\/fines2-1024x683.jpg 1024w, https:\/\/laurbedigital.com.ar\/noticias\/wp-content\/uploads\/2023\/02\/fines2-300x200.jpg 300w, https:\/\/laurbedigital.com.ar\/noticias\/wp-content\/uploads\/2023\/02\/fines2-768x512.jpg 768w, https:\/\/laurbedigital.com.ar\/noticias\/wp-content\/uploads\/2023\/02\/fines2-1536x1024.jpg 1536w, https:\/\/laurbedigital.com.ar\/noticias\/wp-content\/uploads\/2023\/02\/fines2.jpg 1600w\" sizes=\"auto, (max-width: 800px) 100vw, 800px\" \/><\/p>\n<h6 dir=\"ltr\">\u201cComo cada a\u00f1o abrimos la convocatoria de preinscripci\u00f3n para el Plan Fines de forma virtual y presencial en puntos itinerantes para que nuestros vecinos y vecinas puedan avanzar con sus estudios primarios y secundarios\u201d, remarc\u00f3 Mariano Cascallares.<\/h6>\n<h6 dir=\"ltr\">Por su parte, el intendente interino Juan Fabiani subray\u00f3 esta \u201cimportante herramienta educativa que permite generar conocimientos y equidad en el marco de una pol\u00edtica educativa de calidad que impulsamos junto a la Provincia y a la Naci\u00f3n\u00bb.<\/h6>\n<p dir=\"ltr\">\n","protected":false},"excerpt":{"rendered":"<p>El Municipio de Almirante Brown, a trav\u00e9s de la Secretar\u00eda de Educaci\u00f3n, Ciencia y Tecnolog\u00eda, anunci\u00f3 que hasta el 15<\/p>\n","protected":false},"author":1,"featured_media":88757,"comment_status":"closed","ping_status":"closed","sticky":false,"template":"","format":"standard","meta":{"kia_subtitle":"","footnotes":"","jetpack_publicize_message":"En Almirante Brown est\u00e1 abierta la preinscripci\u00f3n al plan FinEs 2023","jetpack_publicize_feature_enabled":true,"jetpack_social_post_already_shared":true,"jetpack_social_options":{"image_generator_settings":{"template":"highway","default_image_id":0,"font":"","enabled":false},"version":2}},"categories":[2,33],"tags":[],"class_list":["post-88756","post","type-post","status-publish","format-standard","has-post-thumbnail","hentry","category-alte-brown","category-alte-brown-alte-brown"],"jetpack_publicize_connections":[],"jetpack_featured_media_url":"https:\/\/laurbedigital.com.ar\/noticias\/wp-content\/uploads\/2023\/02\/20230226-Brown-Cascallares-FinEs.jpg","_links":{"self":[{"href":"https:\/\/laurbedigital.com.ar\/noticias\/wp-json\/wp\/v2\/posts\/88756","targetHints":{"allow":["GET"]}}],"collection":[{"href":"https:\/\/laurbedigital.com.ar\/noticias\/wp-json\/wp\/v2\/posts"}],"about":[{"href":"https:\/\/laurbedigital.com.ar\/noticias\/wp-json\/wp\/v2\/types\/post"}],"author":[{"embeddable":true,"href":"https:\/\/laurbedigital.com.ar\/noticias\/wp-json\/wp\/v2\/users\/1"}],"replies":[{"embeddable":true,"href":"https:\/\/laurbedigital.com.ar\/noticias\/wp-json\/wp\/v2\/comments?post=88756"}],"version-history":[{"count":4,"href":"https:\/\/laurbedigital.com.ar\/noticias\/wp-json\/wp\/v2\/posts\/88756\/revisions"}],"predecessor-version":[{"id":88762,"href":"https:\/\/laurbedigital.com.ar\/noticias\/wp-json\/wp\/v2\/posts\/88756\/revisions\/88762"}],"wp:featuredmedia":[{"embeddable":true,"href":"https:\/\/laurbedigital.com.ar\/noticias\/wp-json\/wp\/v2\/media\/88757"}],"wp:attachment":[{"href":"https:\/\/laurbedigital.com.ar\/noticias\/wp-json\/wp\/v2\/media?parent=88756"}],"wp:term":[{"taxonomy":"category","embeddable":true,"href":"https:\/\/laurbedigital.com.ar\/noticias\/wp-json\/wp\/v2\/categories?post=88756"},{"taxonomy":"post_tag","embeddable":true,"href":"https:\/\/laurbedigital.com.ar\/noticias\/wp-json\/wp\/v2\/tags?post=88756"}],"curies":[{"name":"wp","href":"https:\/\/api.w.org\/{rel}","templated":true}]}}