{"id":8848,"date":"2017-10-10T15:37:15","date_gmt":"2017-10-10T18:37:15","guid":{"rendered":"http:\/\/laurbedigital.com.ar\/noticias\/?p=8848"},"modified":"2017-10-10T15:37:15","modified_gmt":"2017-10-10T18:37:15","slug":"cascallares-recorrio-mejoras-en-dos-paseos-publicos-y-dialogo-con-vecinos-de-glew-y-malvinas","status":"publish","type":"post","link":"https:\/\/laurbedigital.com.ar\/noticias\/2017\/10\/10\/cascallares-recorrio-mejoras-en-dos-paseos-publicos-y-dialogo-con-vecinos-de-glew-y-malvinas\/","title":{"rendered":"Cascallares recorri\u00f3 mejoras en dos paseos p\u00fablicos y dialog\u00f3 con vecinos de Glew y Malvinas"},"content":{"rendered":"<p>La alegr\u00eda de cientos de chicos fue el marco propicio para la inauguraci\u00f3n de un nuevo espacio p\u00fablico equipado por el\u00a0Municipio. Se\u00a0 trata de la ahora plaza El C\u00edrculo de Malvinas Argentinas. El intendente Mariano Cascallares visit\u00f3 y tambi\u00e9n disfrut\u00f3 \u00a0del lugar que dej\u00f3 de ser un gran terreno bald\u00edo para convertirse en un\u00a0 nuevo espacio\u00a0para el esparcimiento de los vecinos.<\/p>\n<p>En paralelo, el jefe comunal junto a parte de su equipo visit\u00f3 y recorri\u00f3 la renovada Plaza Almafuerte de Glew, donde el Municipio realiz\u00f3 obras y mejoras que ya disfrutan los vecinos de esa localidad.<\/p>\n<p>El paseo de Malvinas Argentinas, ubicado entre las calles Serrano, Derqui, Quinquela y Marcos Sastre, representa un nuevo lugar de encuentro familiar que reunir\u00e1 diariamente a grandes y chicos que desean dispersarse y gozar de gratos momentos.<\/p>\n<p>Cascallares tambi\u00e9n aprovech\u00f3 una vez m\u00e1s \u2013entre mates y muestras de afecto- para dialogar con los vecinos de Malvinas Argentinas y de Glew que no s\u00f3lo le transmitieron cada una de sus inquietudes sino que, con benepl\u00e1cito, agradecieron las obras ejecutadas en el lugar.<\/p>\n<p>El espacio\u00a0 de Malvinas Argentinas cuenta con nuevo mobiliario urbano (bancos, cestos, mesas de ajedrez), juegos infantiles, integradores y de salud; un circuito saludable, una cancha de f\u00fatbol y un sector c\u00edvico.\u00a0 Se construyeron tambi\u00e9n rampas de accesibilidad y 1600m2 de veredas internas y externas.\u00a0 Se realiz\u00f3 adem\u00e1s la parquizaci\u00f3n y forestaci\u00f3n de todo el sector (se plantaron 100 \u00e1rboles, entre ellos, sauce, \u00e1lamos y fresnos); \u00a0adem\u00e1s de la colocaci\u00f3n de nueva se\u00f1al\u00e9tica y luminarias.<\/p>\n<p>Durante su paso por la Plaza El C\u00edrculo, el jefe comunal tambi\u00e9n recorri\u00f3 las instalaciones\u00a0 del \u201cClub Amigos del C\u00edrculo\u201d, una instituci\u00f3n recientemente creada que se ocupa no solo de la atenci\u00f3n de los ni\u00f1os del barrio, sino del cuidado de la flamante plaza. All\u00ed los integrantes de la entidad acordaron con Cascallares el respaldo del Municipio para el arreglo del deteriorado edificio.<\/p>\n<p>Participaron de las jornadas recreativas, entre otros, el presidente del Honorable Concejo Deliberante local, Juan Fabiani, el secretario de Gesti\u00f3n Descentralizada, Adri\u00e1n L\u00f3pez, adem\u00e1s de la delegada de Malvinas Argentinas, Antonella N\u00e1poli.<\/p>\n","protected":false},"excerpt":{"rendered":"<p>La alegr\u00eda de cientos de chicos fue el marco propicio para la inauguraci\u00f3n de un nuevo espacio p\u00fablico equipado por<\/p>\n","protected":false},"author":1,"featured_media":8849,"comment_status":"closed","ping_status":"closed","sticky":false,"template":"","format":"standard","meta":{"kia_subtitle":"","footnotes":"","jetpack_publicize_message":"","jetpack_publicize_feature_enabled":true,"jetpack_social_post_already_shared":true,"jetpack_social_options":{"image_generator_settings":{"template":"highway","default_image_id":0,"font":"","enabled":false},"version":2}},"categories":[33,2],"tags":[],"class_list":["post-8848","post","type-post","status-publish","format-standard","has-post-thumbnail","hentry","category-alte-brown-alte-brown","category-alte-brown"],"jetpack_publicize_connections":[],"jetpack_featured_media_url":"https:\/\/laurbedigital.com.ar\/noticias\/wp-content\/uploads\/2017\/10\/20171010-brown.jpg","_links":{"self":[{"href":"https:\/\/laurbedigital.com.ar\/noticias\/wp-json\/wp\/v2\/posts\/8848","targetHints":{"allow":["GET"]}}],"collection":[{"href":"https:\/\/laurbedigital.com.ar\/noticias\/wp-json\/wp\/v2\/posts"}],"about":[{"href":"https:\/\/laurbedigital.com.ar\/noticias\/wp-json\/wp\/v2\/types\/post"}],"author":[{"embeddable":true,"href":"https:\/\/laurbedigital.com.ar\/noticias\/wp-json\/wp\/v2\/users\/1"}],"replies":[{"embeddable":true,"href":"https:\/\/laurbedigital.com.ar\/noticias\/wp-json\/wp\/v2\/comments?post=8848"}],"version-history":[{"count":1,"href":"https:\/\/laurbedigital.com.ar\/noticias\/wp-json\/wp\/v2\/posts\/8848\/revisions"}],"predecessor-version":[{"id":8851,"href":"https:\/\/laurbedigital.com.ar\/noticias\/wp-json\/wp\/v2\/posts\/8848\/revisions\/8851"}],"wp:featuredmedia":[{"embeddable":true,"href":"https:\/\/laurbedigital.com.ar\/noticias\/wp-json\/wp\/v2\/media\/8849"}],"wp:attachment":[{"href":"https:\/\/laurbedigital.com.ar\/noticias\/wp-json\/wp\/v2\/media?parent=8848"}],"wp:term":[{"taxonomy":"category","embeddable":true,"href":"https:\/\/laurbedigital.com.ar\/noticias\/wp-json\/wp\/v2\/categories?post=8848"},{"taxonomy":"post_tag","embeddable":true,"href":"https:\/\/laurbedigital.com.ar\/noticias\/wp-json\/wp\/v2\/tags?post=8848"}],"curies":[{"name":"wp","href":"https:\/\/api.w.org\/{rel}","templated":true}]}}