{"id":88423,"date":"2023-02-17T20:19:47","date_gmt":"2023-02-17T23:19:47","guid":{"rendered":"https:\/\/laurbedigital.com.ar\/noticias\/?p=88423"},"modified":"2023-02-17T20:28:03","modified_gmt":"2023-02-17T23:28:03","slug":"el-abogado-de-la-familia-de-lucio-tras-la-condena-no-saldran-mas-de-la-carcel","status":"publish","type":"post","link":"https:\/\/laurbedigital.com.ar\/noticias\/2023\/02\/17\/el-abogado-de-la-familia-de-lucio-tras-la-condena-no-saldran-mas-de-la-carcel\/","title":{"rendered":"El abogado de la familia de Lucio, tras la condena: \u00abno saldr\u00e1n m\u00e1s\u00bb de la c\u00e1rcel"},"content":{"rendered":"<p>&nbsp;<\/p>\n<h6><strong>\u201cLa perpetua es perpetua, porque no tienen posibilidad de acceder a libertad condicional. Hoy por hoy es as\u00ed, como est\u00e1 la legislaci\u00f3n argentina es perpetua, y enti\u00e9ndase literalmente, no salen m\u00e1s\u201d, dijo el abogado Jos\u00e9 Mario Aguerrido.<\/strong><\/h6>\n<p>El abogado que representa al padre y al abuelo del ni\u00f1o Lucio Dupuy\u00a0<strong>se mostr\u00f3 conforme con la condena a prisi\u00f3n perpetua para las asesinas<\/strong>, sobre quienes dijo que \u00abno saldr\u00e1n m\u00e1s\u00bb de la c\u00e1rcel, y cuestion\u00f3 que los jueces no hayan contemplado \u00abel odio de g\u00e9nero\u00bb como agravante en la sentencia.<\/p>\n<p>\u00abExpresamente (la sentencia) dice que nunca el condenado a prisi\u00f3n perpetua por el delito de homicidio agravado agotar\u00e1 su cumplimiento. O sea, perpetua literal\u00bb para\u00a0<strong>Magdalena Esp\u00f3sito Valenti, madre del ni\u00f1o, y su novia, Abiga\u00edl P\u00e1ez<\/strong>, dijo el letrado Jos\u00e9 Mario Aguerrido durante una rueda de prensa realizada dos horas despu\u00e9s de haber escuchado el fallo.<\/p>\n<p>Si bien hab\u00eda mostrado disgusto al escuchar la lectura del fallo de los jueces Alejandra Ongaro, Andr\u00e9s Oli\u00f3e y Daniel S\u00e1ez Zamora, Aguerrido aclar\u00f3 que, tras realizar una lectura completa de la sentencia, entendi\u00f3 que las acusadas\u00a0<strong>\u00abno saldr\u00e1n m\u00e1s\u00bb<\/strong>\u00a0de prisi\u00f3n, ya que no podr\u00e1 acceder a beneficios.<\/p>\n<p>\u201cSalimos con cierto desasosiego, pero despu\u00e9s vine al estudio, le\u00ed varias veces el fallo, lo llam\u00e9 a Ram\u00f3n y le dije \u2018objetivo cumplido. Es prisi\u00f3n perpetua, para toda la vida&#8217;\u201d, cont\u00f3 el abogado.<\/p>\n<p>\u201cLa perpetua es perpetua, porque no tienen posibilidad de acceder a libertad condicional. Hoy por hoy es as\u00ed, como est\u00e1 la legislaci\u00f3n argentina es perpetua, y enti\u00e9ndase literalmente, no salen m\u00e1s\u201d, afirm\u00f3.<\/p>\n<p>Por otra parte, anticip\u00f3 que apelaran el fallo para que\u00a0 se condene por abuso sexual a la madre del ni\u00f1o, Esp\u00f3sito Valenti.<\/p>\n<p><strong>Consultado por la responsabilidad de la jueza Ana Clara P\u00e9rez Ballester<\/strong>, que le otorg\u00f3 la tenencia de Lucio a la madre en 2020, dijo que \u201chabla bien de la Provincia que ya se haya iniciado un jury. E incluso, es lo mejor para la jueza porque va a tener la oportunidad de defenderse y mostrar por qu\u00e9 hizo lo que hizo\u201d.<\/p>\n<p>De hecho, tambi\u00e9n hay una petici\u00f3n en la plataforma Chenge.org que logr\u00f3 la adhesi\u00f3n de m\u00e1s de 100 mil personas que reclaman la destituci\u00f3n (change.org\/DestituyanALaJueza).<\/p>\n<p>Por \u00faltimo, Jos\u00e9 Mario Aguerrido, adelant\u00f3 que iniciar\u00e1 una demanda penal para establecer las responsabilidades del sistema de Salud P\u00fablica y el sistema Educativo.<\/p>\n<p>\u201cTenemos certeza del mal accionar de salud, y ahora, tengo mis dudas sobre la actuaci\u00f3n en educaci\u00f3n. Aparentemente hay unos protocolos del Consejo Federal de Educaci\u00f3n que no se cumplieron. Nosotros vamos a hacer una presentaci\u00f3n y la justicia definir\u00e1 esa responsabilidad\u201d, declar\u00f3.t\u00e9lam<\/p>\n<p>&nbsp;<\/p>\n<h3>Atenci\u00f3n especializada sobre los derechos de ni\u00f1as, ni\u00f1os y adolescentes<\/h3>\n<p>Por llamada gratuita y confidencial a la\u00a0L\u00ednea 102.<\/p>\n<p>Si sos v\u00edctima de violencia familiar o sexual, llam\u00e1 a la\u00a0L\u00ednea 137.<\/p>\n<p>Si no te podes comunicar,\u00a0<a href=\"https:\/\/www.argentina.gob.ar\/desarrollosocial\/linea102\/areasninez\" target=\"_blank\" rel=\"noopener\">busc\u00e1 las \u00e1reas de ni\u00f1ez de tu provincia<\/a>.<\/p>\n<p>&nbsp;<\/p>\n<p>&nbsp;<\/p>\n","protected":false},"excerpt":{"rendered":"<p>&nbsp; \u201cLa perpetua es perpetua, porque no tienen posibilidad de acceder a libertad condicional. Hoy por hoy es as\u00ed, como<\/p>\n","protected":false},"author":1,"featured_media":88424,"comment_status":"closed","ping_status":"closed","sticky":false,"template":"","format":"standard","meta":{"kia_subtitle":"","footnotes":"","jetpack_publicize_message":"El abogado de la familia de Lucio, tras la condena: \"no saldr\u00e1n m\u00e1s\" de la c\u00e1rcel","jetpack_publicize_feature_enabled":true,"jetpack_social_post_already_shared":true,"jetpack_social_options":{"image_generator_settings":{"template":"highway","default_image_id":0,"font":"","enabled":false},"version":2}},"categories":[1],"tags":[],"class_list":["post-88423","post","type-post","status-publish","format-standard","has-post-thumbnail","hentry","category-uncategorized"],"jetpack_publicize_connections":[],"jetpack_featured_media_url":"https:\/\/laurbedigital.com.ar\/noticias\/wp-content\/uploads\/2023\/02\/20230217-lucio.jpg","_links":{"self":[{"href":"https:\/\/laurbedigital.com.ar\/noticias\/wp-json\/wp\/v2\/posts\/88423","targetHints":{"allow":["GET"]}}],"collection":[{"href":"https:\/\/laurbedigital.com.ar\/noticias\/wp-json\/wp\/v2\/posts"}],"about":[{"href":"https:\/\/laurbedigital.com.ar\/noticias\/wp-json\/wp\/v2\/types\/post"}],"author":[{"embeddable":true,"href":"https:\/\/laurbedigital.com.ar\/noticias\/wp-json\/wp\/v2\/users\/1"}],"replies":[{"embeddable":true,"href":"https:\/\/laurbedigital.com.ar\/noticias\/wp-json\/wp\/v2\/comments?post=88423"}],"version-history":[{"count":3,"href":"https:\/\/laurbedigital.com.ar\/noticias\/wp-json\/wp\/v2\/posts\/88423\/revisions"}],"predecessor-version":[{"id":88426,"href":"https:\/\/laurbedigital.com.ar\/noticias\/wp-json\/wp\/v2\/posts\/88423\/revisions\/88426"}],"wp:featuredmedia":[{"embeddable":true,"href":"https:\/\/laurbedigital.com.ar\/noticias\/wp-json\/wp\/v2\/media\/88424"}],"wp:attachment":[{"href":"https:\/\/laurbedigital.com.ar\/noticias\/wp-json\/wp\/v2\/media?parent=88423"}],"wp:term":[{"taxonomy":"category","embeddable":true,"href":"https:\/\/laurbedigital.com.ar\/noticias\/wp-json\/wp\/v2\/categories?post=88423"},{"taxonomy":"post_tag","embeddable":true,"href":"https:\/\/laurbedigital.com.ar\/noticias\/wp-json\/wp\/v2\/tags?post=88423"}],"curies":[{"name":"wp","href":"https:\/\/api.w.org\/{rel}","templated":true}]}}