{"id":88228,"date":"2023-02-11T13:41:15","date_gmt":"2023-02-11T16:41:15","guid":{"rendered":"https:\/\/laurbedigital.com.ar\/noticias\/?p=88228"},"modified":"2023-02-11T13:41:15","modified_gmt":"2023-02-11T16:41:15","slug":"en-el-aniversario-de-la-virgen-de-lourdes-el-municipio-presento-la-puesta-en-valor-la-gruta-del-cottolengo-de-don-orione","status":"publish","type":"post","link":"https:\/\/laurbedigital.com.ar\/noticias\/2023\/02\/11\/en-el-aniversario-de-la-virgen-de-lourdes-el-municipio-presento-la-puesta-en-valor-la-gruta-del-cottolengo-de-don-orione\/","title":{"rendered":"En el aniversario de la Virgen de Lourdes, el municipio present\u00f3 la puesta en valor la gruta del Cottolengo de Don Orione"},"content":{"rendered":"<div>\n<h6 dir=\"ltr\"><\/h6>\n<h6 dir=\"ltr\">En el marco del 165\u00b0 aniversario de la primera aparici\u00f3n de la Virgen de Lourdes, el Municipio de Almirante Brown realiz\u00f3 y present\u00f3 una puesta en valor integral del santuario ubicado en el Cottolengo Don Orione de Claypole.<\/h6>\n<div dir=\"ltr\">Cada 11 de febrero la Iglesia Cat\u00f3lica celebra el d\u00eda de la Virgen de Lourdes, en conmemoraci\u00f3n de la primera aparici\u00f3n de la Madre de Dios a la joven Bernadette Soubirous en 1858, en Francia.<\/p>\n<p>Este a\u00f1o, en un nuevo aniversario, la gruta cuya construcci\u00f3n fue encomendada por San Luis Orione -devoto de nuestra se\u00f1ora de Lourdes- para El Peque\u00f1o Cottolengo de la localidad de Claypole, fue restaurada por el Municipio de Almirante Brown en benepl\u00e1cito de la comunidad religiosa.<\/p>\n<p><img loading=\"lazy\" decoding=\"async\" class=\"alignnone size-large wp-image-88231\" src=\"https:\/\/laurbedigital.com.ar\/noticias\/wp-content\/uploads\/2023\/02\/virgen4-1024x515.jpg\" alt=\"\" width=\"800\" height=\"402\" title=\"\" srcset=\"https:\/\/laurbedigital.com.ar\/noticias\/wp-content\/uploads\/2023\/02\/virgen4-1024x515.jpg 1024w, https:\/\/laurbedigital.com.ar\/noticias\/wp-content\/uploads\/2023\/02\/virgen4-300x151.jpg 300w, https:\/\/laurbedigital.com.ar\/noticias\/wp-content\/uploads\/2023\/02\/virgen4-768x386.jpg 768w, https:\/\/laurbedigital.com.ar\/noticias\/wp-content\/uploads\/2023\/02\/virgen4-1536x772.jpg 1536w, https:\/\/laurbedigital.com.ar\/noticias\/wp-content\/uploads\/2023\/02\/virgen4.jpg 1600w\" sizes=\"auto, (max-width: 800px) 100vw, 800px\" \/><\/p>\n<p>Vale se\u00f1alar que Don Orione le hab\u00eda pedido a la Virgen la gracia de tener un terreno para edificar el Cottolengo prometiendo que construir\u00eda una gruta similar a la de Massabielle en Francia; promesa que cumpli\u00f3.<\/p><\/div>\n<h6 dir=\"ltr\"><strong>\u201cEn un nuevo aniversario de la Virgen de Lourdes, con el equipo municipal hemos realizado una puesta en valor integral de la gruta del Cottolengo Don Orione\u201d, expres\u00f3 Mariano Cascallares, al tiempo que destac\u00f3 el trabajo articulado con la instituci\u00f3n que contin\u00faa y enaltece la obra de San Luis Orione.<\/p>\n<p><img loading=\"lazy\" decoding=\"async\" class=\"alignnone size-large wp-image-88230\" src=\"https:\/\/laurbedigital.com.ar\/noticias\/wp-content\/uploads\/2023\/02\/virgen-768x1024.jpg\" alt=\"\" width=\"768\" height=\"1024\" title=\"\" srcset=\"https:\/\/laurbedigital.com.ar\/noticias\/wp-content\/uploads\/2023\/02\/virgen-768x1024.jpg 768w, https:\/\/laurbedigital.com.ar\/noticias\/wp-content\/uploads\/2023\/02\/virgen-225x300.jpg 225w, https:\/\/laurbedigital.com.ar\/noticias\/wp-content\/uploads\/2023\/02\/virgen-1152x1536.jpg 1152w, https:\/\/laurbedigital.com.ar\/noticias\/wp-content\/uploads\/2023\/02\/virgen.jpg 1200w\" sizes=\"auto, (max-width: 768px) 100vw, 768px\" \/><br \/>\n<\/strong><\/h6>\n<div dir=\"ltr\">En tanto, desde la gesti\u00f3n que conduce el intendente interino, Juan Fabiani, informaron que se llev\u00f3 adelante la puesta en valor de todo el lugar, con trabajos de pintura, limpieza interior y exterior (parte ornamental), y restauraci\u00f3n de los bancos del oratorio y las rejas de entrada.<\/p>\n<p>Un nuevo espacio de oraci\u00f3n y devoci\u00f3n a nuestra Se\u00f1ora de Lourdes, que tiene una tradici\u00f3n arraigada de milagros atribuidos a su intercesi\u00f3n de sanaciones de problemas de salud, por lo que es la Patrona de los Enfermos.<\/p><\/div>\n<h6 dir=\"ltr\"><span style=\"font-family: Verdana, sans-serif;\">El Papa Francisco destac\u00f3 que \u00abhoy se celebra la Jornada Mundial del Enfermo. Que la Virgen de Lourdes bendiga a todos los enfermos y a quienes los cuidan con mucho amor\u00bb.<\/span><\/h6>\n<\/div>\n","protected":false},"excerpt":{"rendered":"<p>En el marco del 165\u00b0 aniversario de la primera aparici\u00f3n de la Virgen de Lourdes, el Municipio de Almirante Brown<\/p>\n","protected":false},"author":1,"featured_media":88229,"comment_status":"closed","ping_status":"closed","sticky":false,"template":"","format":"standard","meta":{"kia_subtitle":"","footnotes":"","jetpack_publicize_message":"En el aniversario de la Virgen de Lourdes, el municipio present\u00f3 la puesta en valor la gruta del Cottolengo de Don Orione","jetpack_publicize_feature_enabled":true,"jetpack_social_post_already_shared":true,"jetpack_social_options":{"image_generator_settings":{"template":"highway","default_image_id":0,"font":"","enabled":false},"version":2}},"categories":[2,45],"tags":[],"class_list":["post-88228","post","type-post","status-publish","format-standard","has-post-thumbnail","hentry","category-alte-brown","category-claypole"],"jetpack_publicize_connections":[],"jetpack_featured_media_url":"https:\/\/laurbedigital.com.ar\/noticias\/wp-content\/uploads\/2023\/02\/20230211-Brown-virgen.jpg","_links":{"self":[{"href":"https:\/\/laurbedigital.com.ar\/noticias\/wp-json\/wp\/v2\/posts\/88228","targetHints":{"allow":["GET"]}}],"collection":[{"href":"https:\/\/laurbedigital.com.ar\/noticias\/wp-json\/wp\/v2\/posts"}],"about":[{"href":"https:\/\/laurbedigital.com.ar\/noticias\/wp-json\/wp\/v2\/types\/post"}],"author":[{"embeddable":true,"href":"https:\/\/laurbedigital.com.ar\/noticias\/wp-json\/wp\/v2\/users\/1"}],"replies":[{"embeddable":true,"href":"https:\/\/laurbedigital.com.ar\/noticias\/wp-json\/wp\/v2\/comments?post=88228"}],"version-history":[{"count":2,"href":"https:\/\/laurbedigital.com.ar\/noticias\/wp-json\/wp\/v2\/posts\/88228\/revisions"}],"predecessor-version":[{"id":88233,"href":"https:\/\/laurbedigital.com.ar\/noticias\/wp-json\/wp\/v2\/posts\/88228\/revisions\/88233"}],"wp:featuredmedia":[{"embeddable":true,"href":"https:\/\/laurbedigital.com.ar\/noticias\/wp-json\/wp\/v2\/media\/88229"}],"wp:attachment":[{"href":"https:\/\/laurbedigital.com.ar\/noticias\/wp-json\/wp\/v2\/media?parent=88228"}],"wp:term":[{"taxonomy":"category","embeddable":true,"href":"https:\/\/laurbedigital.com.ar\/noticias\/wp-json\/wp\/v2\/categories?post=88228"},{"taxonomy":"post_tag","embeddable":true,"href":"https:\/\/laurbedigital.com.ar\/noticias\/wp-json\/wp\/v2\/tags?post=88228"}],"curies":[{"name":"wp","href":"https:\/\/api.w.org\/{rel}","templated":true}]}}