{"id":88038,"date":"2023-02-05T12:20:18","date_gmt":"2023-02-05T15:20:18","guid":{"rendered":"https:\/\/laurbedigital.com.ar\/noticias\/?p=88038"},"modified":"2023-02-04T23:00:18","modified_gmt":"2023-02-05T02:00:18","slug":"el-regreso-de-matthew-fox-a-la-pantalla-con-last-light","status":"publish","type":"post","link":"https:\/\/laurbedigital.com.ar\/noticias\/2023\/02\/05\/el-regreso-de-matthew-fox-a-la-pantalla-con-last-light\/","title":{"rendered":"El regreso de Matthew Fox a la pantalla con \u00abLast Light\u00bb"},"content":{"rendered":"<p>&nbsp;<\/p>\n<h6><strong>La trama comienza cuando el petr\u00f3leo del mundo deja de funcionar correctamente y todos los medios de poder y comunicaci\u00f3n comienzan a fallar.<\/strong><\/h6>\n<div>A 12 a\u00f1os del final de\u00a0<strong>\u00abLost\u00bb<\/strong>,<strong>\u00a0Matthew Fox<\/strong>\u00a0regresa a la pantalla en la nueva miniserie apocal\u00edptica\u00a0\u00ab<strong>Last Light\u00bb<\/strong>, que se podr\u00e1 ver por AMC a partir del domingo\u00a0<strong>19 de febrero<\/strong>.<\/div>\n<div>\nMatthew no solo regresa para coprotagonizar la serie junto a<strong>\u00a0Joanne Froggat (Downtown Abbey)<\/strong>,\u00a0sino que tambi\u00e9n har\u00e1 su debut como productor ejecutivo. La producci\u00f3n se encuentra dividida en cinco cap\u00edtulos y est\u00e1 basada en la novela best-seller de suspenso hom\u00f3nima escrita por\u00a0<strong>Alex Scarrow<\/strong>\u00a0del 2007.<\/div>\n<div>\n<p><strong>\u00abLast Light\u00bb<\/strong>\u00a0comienza cuando el petr\u00f3leo del mundo deja de funcionar correctamente y todos los medios de poder y comunicaci\u00f3n comienzan a fallar. Fox interpreta a Andy Yeats, un exiliado que vive en Londres y uno de los ingenieros petroqu\u00edmicos m\u00e1s importantes del mundo.<\/p>\n<p>Froggatt interpreta a su esposa,<strong>\u00a0Elena Yeats<\/strong>, quien renunci\u00f3 a su carrera profesional despu\u00e9s de que a su hijo le diagnosticaron una enfermedad ocular progresiva y degenerativa, y convirti\u00f3 en la misi\u00f3n de su vida encontrar una cura.<\/p>\n<p>\u201cEstaba entusiasmado por tener un puesto de productor ejecutivo y, por primera vez en mi carrera, tendr\u00eda la oportunidad de involucrarme m\u00e1s en m\u00e1s aspectos de la narraci\u00f3n que solo en el personaje que estoy defendiendo e interpretando\u201d, coment\u00f3 al respecto Matthew en un comunicado de prensa.<\/p>\n<p>\u201cTambi\u00e9n estaba, en secreto, muy emocionado de descubrir c\u00f3mo se sentir\u00eda volver a estar frente a una c\u00e1mara y actuar de nuevo, no hab\u00eda hecho eso y no hab\u00eda estado en un set en siete a\u00f1os, y eso fue muy gratificante. As\u00ed que todo fue una experiencia incre\u00edble\u201d, sigui\u00f3.<\/p>\n<p>&nbsp;<\/p>\n<\/div>\n","protected":false},"excerpt":{"rendered":"<p>&nbsp; La trama comienza cuando el petr\u00f3leo del mundo deja de funcionar correctamente y todos los medios de poder y<\/p>\n","protected":false},"author":1,"featured_media":88039,"comment_status":"closed","ping_status":"closed","sticky":false,"template":"","format":"standard","meta":{"kia_subtitle":"","footnotes":"","jetpack_publicize_message":"El regreso de Matthew Fox a la pantalla con \u00abLast Light\u00bb","jetpack_publicize_feature_enabled":true,"jetpack_social_post_already_shared":true,"jetpack_social_options":{"image_generator_settings":{"template":"highway","default_image_id":0,"font":"","enabled":false},"version":2}},"categories":[68],"tags":[],"class_list":["post-88038","post","type-post","status-publish","format-standard","has-post-thumbnail","hentry","category-cine-y-series"],"jetpack_publicize_connections":[],"jetpack_featured_media_url":"https:\/\/laurbedigital.com.ar\/noticias\/wp-content\/uploads\/2023\/02\/20230205-Fox.jpg","_links":{"self":[{"href":"https:\/\/laurbedigital.com.ar\/noticias\/wp-json\/wp\/v2\/posts\/88038","targetHints":{"allow":["GET"]}}],"collection":[{"href":"https:\/\/laurbedigital.com.ar\/noticias\/wp-json\/wp\/v2\/posts"}],"about":[{"href":"https:\/\/laurbedigital.com.ar\/noticias\/wp-json\/wp\/v2\/types\/post"}],"author":[{"embeddable":true,"href":"https:\/\/laurbedigital.com.ar\/noticias\/wp-json\/wp\/v2\/users\/1"}],"replies":[{"embeddable":true,"href":"https:\/\/laurbedigital.com.ar\/noticias\/wp-json\/wp\/v2\/comments?post=88038"}],"version-history":[{"count":2,"href":"https:\/\/laurbedigital.com.ar\/noticias\/wp-json\/wp\/v2\/posts\/88038\/revisions"}],"predecessor-version":[{"id":88041,"href":"https:\/\/laurbedigital.com.ar\/noticias\/wp-json\/wp\/v2\/posts\/88038\/revisions\/88041"}],"wp:featuredmedia":[{"embeddable":true,"href":"https:\/\/laurbedigital.com.ar\/noticias\/wp-json\/wp\/v2\/media\/88039"}],"wp:attachment":[{"href":"https:\/\/laurbedigital.com.ar\/noticias\/wp-json\/wp\/v2\/media?parent=88038"}],"wp:term":[{"taxonomy":"category","embeddable":true,"href":"https:\/\/laurbedigital.com.ar\/noticias\/wp-json\/wp\/v2\/categories?post=88038"},{"taxonomy":"post_tag","embeddable":true,"href":"https:\/\/laurbedigital.com.ar\/noticias\/wp-json\/wp\/v2\/tags?post=88038"}],"curies":[{"name":"wp","href":"https:\/\/api.w.org\/{rel}","templated":true}]}}