{"id":87742,"date":"2023-01-28T12:19:51","date_gmt":"2023-01-28T15:19:51","guid":{"rendered":"https:\/\/laurbedigital.com.ar\/noticias\/?p=87742"},"modified":"2023-01-27T22:25:54","modified_gmt":"2023-01-28T01:25:54","slug":"shazam-la-furia-de-los-dioses-revelan-el-nuevo-trailer-de-la-secuela","status":"publish","type":"post","link":"https:\/\/laurbedigital.com.ar\/noticias\/2023\/01\/28\/shazam-la-furia-de-los-dioses-revelan-el-nuevo-trailer-de-la-secuela\/","title":{"rendered":"\u00ab\u00a1Shazam! La Furia de los Dioses\u00bb: revelan el nuevo trailer de la secuela"},"content":{"rendered":"<p>&nbsp;<\/p>\n<h6><strong>La segunda parte de la historia del adolescente Billy Batson es uno de los estrenos m\u00e1s esperados del calendario de DC Studios que incluye la participaci\u00f3n de la ganadora del Oscar, Helen Mirren.<\/strong><\/h6>\n<p>Warner Bros. revel\u00f3 el nuevo trailer de\u00a0<strong>\u00ab\u00a1Shazam! La Furia de los Dioses\u00bb<\/strong>, la secuela de la franquicia protagonizada por\u00a0<strong>Zachary Levi<\/strong>\u00a0(\u00abThor: un mundo oscuro\u00bb, \u00abEnredados\u00bb) que sigue al h\u00e9roe que obtuvo poderes por designio de los dioses.<\/p>\n<p>El avance comienza anticipando detalles del conflicto que enfrentar\u00e1 el h\u00e9roe en esta segunda parte: cuando las Hijas de Atlas, un tr\u00edo de antiguas diosas, arriben en la Tierra para cobrar su venganza. Mientras que el protagonista, retoma los principales hechos de la pel\u00edcula anterior para situar nuevamente a las y los espectadores en lo que sucedi\u00f3 y lo que vendr\u00e1.<\/p>\n<p><iframe loading=\"lazy\" title=\"\" src=\"https:\/\/www.youtube.com\/embed\/4rT752TMRqM\" width=\"696\" height=\"392\" frameborder=\"0\" allowfullscreen=\"allowfullscreen\"><\/iframe><\/p>\n<p>Con pasajes de humor y escenas de impacto visual y de acci\u00f3n, \u00ab\u00a1Shazam! La Furia de los Dioses\u00bb completa su elenco principal con figuras como\u00a0<strong>Asher Angel\u00a0<\/strong>(\u201cAndi Mack\u201d) como Billy Batson;\u00a0<strong>Jack Dylan Grazer<\/strong>\u00a0(\u201cIt Chapter Two\u201d) como Freddy Freeman;\u00a0<strong>Adam Brody<\/strong>\u00a0(\u201cPromising Young Woman\u201d) como superh\u00e9roe Freddy;\u00a0<strong>Ross Butler\u00a0<\/strong>(\u201cRaya and the Last Dragon\u201d) como superh\u00e9roe Eugene;\u00a0<strong>Meagan Good<\/strong>\u00a0(\u201cDay Shift\u201d) como superh\u00e9roe Darla;\u00a0<strong>\u00a0D.J. \u00a0Cotrona\u00a0<\/strong>\u00a0(\u201cG.I. \u00a0Joe: \u00a0Retaliation\u201d) \u00a0como superh\u00e9roe Pedro; \u00a0<strong>Grace Caroline Currey<\/strong>\u00a0(\u201cAnnabelle: Creation\u201d) como Mary Bromfield \/ superh\u00e9roe Mary;<strong>\u00a0Faithe Herman<\/strong>\u00a0(\u201cThis Is Us\u201d) como Darla Dudley;\u00a0<strong>Ian Chen\u00a0<\/strong>(\u201cA Dog\u2019s Journey\u201d) como Eugene Choi; Jovan Armand (\u201cSecond Chances\u201d) como Pedro Pena;\u00a0<strong>Marta Milans<\/strong>\u00a0(\u201cWhite Lines\u201d) como Rosa Vasquez;\u00a0<strong>Cooper Andrews<\/strong>\u00a0(\u201cThe Walking Dead\u201d) como Victor Vasquez; con\u00a0<strong>Djimon Hounsou<\/strong>\u00a0(\u201cA Quiet Place Part II\u201d) como Mago.<\/p>\n<p>Se incorporan en esta secuela,\u00a0<strong>Rachel Zegler\u00a0<\/strong>(\u201cWest Side Story\u201d), con\u00a0<strong>Lucy Liu\u00a0<\/strong>(\u201cKung Fu Panda\u201d) y la participaci\u00f3n especial de la ganadora del Oscar,\u00a0<strong>Helen Mirren<\/strong>\u00a0(\u201cThe Queen\u201d).<\/p>\n<p>Nuevamente dirigida por <strong>David \u00a0F. \u00a0Sandberg<\/strong>\u00a0(tambi\u00e9n realizador de \u00abAnnabelle 2\u00bb),\u00a0<strong>\u00ab\u00a1Shazam! La Furia de los Dioses\u00bb<\/strong>, es producida \u00a0por \u00a0<strong>Peter \u00a0Safran<\/strong>\u00a0(\u201cAquaman,\u201d \u201cThe SuicideSquad\u201d) y cuenta con gui\u00f3n de\u00a0<strong>Henry Gayden<\/strong>\u00a0(\u201c\u00a1Shazam!,\u201d \u201cThere\u2019s Someone Inside Your House\u201d) y\u00a0<strong>Chris Morgan<\/strong> (\u201cFast &amp; Furious Presents: Hobbs &amp; Shaw,\u00bbThe Fate of the Furious\u201d). Se estrena el<strong>\u00a016 de marzo<\/strong> en los cines argentinos.<\/p>\n<article id=\"post-48963\" class=\"post-48963 post type-post status-publish format-standard has-post-thumbnail hentry category-tendencias\">\n<div class=\"td-post-content tagdiv-type\">\n<p>&nbsp;<\/p>\n<\/div>\n<\/article>\n","protected":false},"excerpt":{"rendered":"<p>&nbsp; La segunda parte de la historia del adolescente Billy Batson es uno de los estrenos m\u00e1s esperados del calendario<\/p>\n","protected":false},"author":1,"featured_media":87743,"comment_status":"closed","ping_status":"closed","sticky":false,"template":"","format":"standard","meta":{"kia_subtitle":"","footnotes":"","jetpack_publicize_message":"\u00ab\u00a1Shazam! La Furia de los Dioses\u00bb: revelan el nuevo trailer de la secuela","jetpack_publicize_feature_enabled":true,"jetpack_social_post_already_shared":true,"jetpack_social_options":{"image_generator_settings":{"template":"highway","default_image_id":0,"font":"","enabled":false},"version":2}},"categories":[68],"tags":[],"class_list":["post-87742","post","type-post","status-publish","format-standard","has-post-thumbnail","hentry","category-cine-y-series"],"jetpack_publicize_connections":[],"jetpack_featured_media_url":"https:\/\/laurbedigital.com.ar\/noticias\/wp-content\/uploads\/2023\/01\/20230128-Shazam.jpg","_links":{"self":[{"href":"https:\/\/laurbedigital.com.ar\/noticias\/wp-json\/wp\/v2\/posts\/87742","targetHints":{"allow":["GET"]}}],"collection":[{"href":"https:\/\/laurbedigital.com.ar\/noticias\/wp-json\/wp\/v2\/posts"}],"about":[{"href":"https:\/\/laurbedigital.com.ar\/noticias\/wp-json\/wp\/v2\/types\/post"}],"author":[{"embeddable":true,"href":"https:\/\/laurbedigital.com.ar\/noticias\/wp-json\/wp\/v2\/users\/1"}],"replies":[{"embeddable":true,"href":"https:\/\/laurbedigital.com.ar\/noticias\/wp-json\/wp\/v2\/comments?post=87742"}],"version-history":[{"count":2,"href":"https:\/\/laurbedigital.com.ar\/noticias\/wp-json\/wp\/v2\/posts\/87742\/revisions"}],"predecessor-version":[{"id":87745,"href":"https:\/\/laurbedigital.com.ar\/noticias\/wp-json\/wp\/v2\/posts\/87742\/revisions\/87745"}],"wp:featuredmedia":[{"embeddable":true,"href":"https:\/\/laurbedigital.com.ar\/noticias\/wp-json\/wp\/v2\/media\/87743"}],"wp:attachment":[{"href":"https:\/\/laurbedigital.com.ar\/noticias\/wp-json\/wp\/v2\/media?parent=87742"}],"wp:term":[{"taxonomy":"category","embeddable":true,"href":"https:\/\/laurbedigital.com.ar\/noticias\/wp-json\/wp\/v2\/categories?post=87742"},{"taxonomy":"post_tag","embeddable":true,"href":"https:\/\/laurbedigital.com.ar\/noticias\/wp-json\/wp\/v2\/tags?post=87742"}],"curies":[{"name":"wp","href":"https:\/\/api.w.org\/{rel}","templated":true}]}}