{"id":87489,"date":"2023-01-21T09:22:28","date_gmt":"2023-01-21T12:22:28","guid":{"rendered":"https:\/\/laurbedigital.com.ar\/noticias\/?p=87489"},"modified":"2023-01-20T21:55:59","modified_gmt":"2023-01-21T00:55:59","slug":"alertan-sobre-un-aumento-mundial-en-las-temperaturas-fuera-de-lo-normal-debido-al-fenomeno-el-nino","status":"publish","type":"post","link":"https:\/\/laurbedigital.com.ar\/noticias\/2023\/01\/21\/alertan-sobre-un-aumento-mundial-en-las-temperaturas-fuera-de-lo-normal-debido-al-fenomeno-el-nino\/","title":{"rendered":"Alertan sobre un aumento mundial en las temperaturas \u00abfuera de lo normal\u00bb debido al fen\u00f3meno &#8216;El Ni\u00f1o&#8217;"},"content":{"rendered":"<p>&nbsp;<\/p>\n<h6>Este fen\u00f3meno, conocido como &#8216;El Ni\u00f1o&#8217;, traer\u00e1 un aumento de las temperaturas mundiales y la desestabilizaci\u00f3n de los \u00edndices meteorol\u00f3gicos en todo el mundo, seg\u00fan prev\u00e9n los cient\u00edficos.<\/h6>\n<p><strong>&#8216;El Ni\u00f1o&#8217;\u00a0<\/strong>es un\u00a0<strong>fen\u00f3meno meteorol\u00f3gico\u00a0<\/strong>que se produce como\u00a0<strong>resultado del calentamiento de la superficie del oc\u00e9ano<\/strong>\u00a0en el\u00a0<strong>Pac\u00edfico tropical central y oriental.<\/strong>\u00a0Se caracteriza por un calentamiento de las temperaturas de la superficie del mar y puede provocar cambios en todo el mundo.<\/p>\n<p>Puede\u00a0<strong>alterar\u00a0<\/strong>los\u00a0<strong>patrones de viento y precipitaci\u00f3n<\/strong>, lo que genera un<strong>\u00a0incremento de la temperatura<\/strong>\u00a0y est\u00e1\u00a0<strong>ligado\u00a0<\/strong>con el aumento\u00a0<strong>aumento de los niveles de gases de efecto invernadero\u00a0<\/strong>en la atm\u00f3sfera.<\/p>\n<p>Estas alteraciones se producen\u00a0de forma irregular, normalmente<strong>\u00a0cada 2-7 a\u00f1os<\/strong>, y pueden<strong>\u00a0durar entre 6 y 18 meses<\/strong>. Pueden provocar\u00a0<strong>cambios climatol\u00f3gicos extremos<\/strong>, como\u00a0<strong>sequ\u00edas<\/strong>,\u00a0<strong>inundaciones\u00a0<\/strong>y\u00a0<strong>tormentas<\/strong>, con\u00a0<strong>severas afectaciones\u00a0<\/strong>ya vistas el a\u00f1o pasado.\u00a0El a\u00f1o m\u00e1s caluroso en la historia ocurri\u00f3 en 2016 y tal como se explica, fue a causa de\u00a0<strong>&#8216;El Ni\u00f1o<\/strong>&#8216;.<\/p>\n<p>Su contraparte<strong>\u00a0&#8216;La Ni\u00f1a&#8217;<\/strong>, es\u00a0<strong>totalmente lo opuesto<\/strong>\u00a0y en los \u00faltimos tres a\u00f1os se han producido tambi\u00e9n un racha inusual de fen\u00f3menos consecutivos, pero m\u00e1s fr\u00edos.<\/p>\n<p>Aunque el\u00a0<strong>2022<\/strong>\u00a0se convirti\u00f3 en el\u00a0<strong>quinto o sexto a\u00f1o m\u00e1s caluroso de la historia<\/strong>, se espera que\u00a0<strong>2024<\/strong>\u00a0se marque\u00a0<strong>un nuevo r\u00e9cord\u00a0<\/strong>respecto a la temperatura mundial.<\/p>\n<p>\u00abEs muy probable que el pr\u00f3ximo gran fen\u00f3meno de\u00a0<strong>El Ni\u00f1o nos lleve a m\u00e1s de 1,5 \u00baC<\/strong>\u00ab, afirm\u00f3 el profesor\u00a0<strong>Adam Scaife<\/strong>, jefe de predicciones a largo plazo de la Oficina Meteorol\u00f3gica del Reino Unido. \u00abLa probabilidad de tener el primer a\u00f1o a 1.5 \u00baC en el pr\u00f3ximo quinquenio es ahora de aproximadamente 50:50\u00bb.<\/p>\n<p>\u00abSabemos que bajo el\u00a0<strong>cambio<\/strong>\u00a0<strong>clim\u00e1tico<\/strong>, los impactos de los eventos de\u00a0<strong>El Ni\u00f1o<\/strong>\u00a0van a ser m\u00e1s fuertes, y hay que a\u00f1adir eso a los efectos del cambio clim\u00e1tico en s\u00ed, que est\u00e1 creciendo todo el tiempo\u00bb, dijo. \u00abSi juntamos esas dos cosas, es probable que veamos\u00a0<strong>olas de calor sin precedentes<\/strong>\u00a0durante el pr\u00f3ximo\u00a0<strong>El Ni\u00f1o<\/strong>\u00ab.<\/p>\n<p>Seg\u00fan\u00a0<strong>Scaife<\/strong>, el impacto de &#8216;<strong>El Ni\u00f1o-Ni\u00f1a<\/strong>&#8216; podr\u00eda\u00a0manifestarse en muchas regiones del mundo.\u00a0\u00abLa ciencia puede decirnos ahora cu\u00e1ndo se avecinan estas cosas con meses de antelaci\u00f3n. As\u00ed que tenemos que utilizarla y estar m\u00e1s preparados, desde la preparaci\u00f3n de los servicios de emergencia hasta qu\u00e9 cultivos plantar\u00bb.<\/p>\n<p>Sin embargo, a\u00fan no est\u00e1 clara la magnitud del fen\u00f3meno. De acuerdo con el profesor\u00a0<strong>Andy Turner<\/strong>, de la Universidad de Reading,\u00a0\u00abmuchos modelos de previsi\u00f3n estacional sugieren la llegada de condiciones moderadas de &#8216;<strong>El Ni\u00f1o<\/strong>&#8216; a partir del\u00a0<strong>verano de 2023<\/strong>\u00ab. Sin embargo, el panorama estar\u00e1 mucho m\u00e1s claro en junio.<\/p>\n<p>Los\u00a0<strong>pa\u00edses ribere\u00f1os del Pac\u00edfico occidental<\/strong>, como\u00a0<strong>Indonesia<\/strong>\u00a0y\u00a0<strong>Australia<\/strong>, experimentan condiciones m\u00e1s c\u00e1lidas y secas.\u00a0<strong>Scaife\u00a0<\/strong>explica que \u00abtienden a producirse muchas sequ\u00edas y muchos incendios forestales\u00bb, aunque\u00a0<strong>China\u00a0<\/strong>puede sufrir inundaciones en la cuenca del Yangts\u00e9 tras los grandes episodios de\u00a0<strong>El Ni\u00f1o<\/strong>.<\/p>\n<p>Mientras tanto se prev\u00e9\u00a0que el fen\u00f3meno afecte los monzones de la\u00a0<strong>India<\/strong>, el sur\u00a0y este de\u00a0<strong>\u00c1frica<\/strong>, junto al sur de los\u00a0<strong>Estados<\/strong>\u00a0<strong>Unidos\u00a0<\/strong>con lluvias torrenciales e inundaciones. Mientras que en\u00a0<strong>Sudam\u00e9rica\u00a0<\/strong>ya se acerca un peligroso punto de inflexi\u00f3n. Tambi\u00e9n podr\u00eda traer condiciones m\u00e1s h\u00famedas para\u00a0<strong>Europa<\/strong>.<\/p>\n<p>&nbsp;<\/p>\n","protected":false},"excerpt":{"rendered":"<p>&nbsp; Este fen\u00f3meno, conocido como &#8216;El Ni\u00f1o&#8217;, traer\u00e1 un aumento de las temperaturas mundiales y la desestabilizaci\u00f3n de los \u00edndices<\/p>\n","protected":false},"author":1,"featured_media":87490,"comment_status":"closed","ping_status":"closed","sticky":false,"template":"","format":"standard","meta":{"kia_subtitle":"","footnotes":"","jetpack_publicize_message":"Alertan sobre un aumento mundial en las temperaturas \"fuera de lo normal\" debido al fen\u00f3meno 'El Ni\u00f1o'","jetpack_publicize_feature_enabled":true,"jetpack_social_post_already_shared":true,"jetpack_social_options":{"image_generator_settings":{"template":"highway","default_image_id":0,"font":"","enabled":false},"version":2}},"categories":[15,2589],"tags":[],"class_list":["post-87489","post","type-post","status-publish","format-standard","has-post-thumbnail","hentry","category-tendencias","category-medio-ambiente-tendencias"],"jetpack_publicize_connections":[],"jetpack_featured_media_url":"https:\/\/laurbedigital.com.ar\/noticias\/wp-content\/uploads\/2023\/01\/20230121-calentamiento-global.jpg","_links":{"self":[{"href":"https:\/\/laurbedigital.com.ar\/noticias\/wp-json\/wp\/v2\/posts\/87489","targetHints":{"allow":["GET"]}}],"collection":[{"href":"https:\/\/laurbedigital.com.ar\/noticias\/wp-json\/wp\/v2\/posts"}],"about":[{"href":"https:\/\/laurbedigital.com.ar\/noticias\/wp-json\/wp\/v2\/types\/post"}],"author":[{"embeddable":true,"href":"https:\/\/laurbedigital.com.ar\/noticias\/wp-json\/wp\/v2\/users\/1"}],"replies":[{"embeddable":true,"href":"https:\/\/laurbedigital.com.ar\/noticias\/wp-json\/wp\/v2\/comments?post=87489"}],"version-history":[{"count":2,"href":"https:\/\/laurbedigital.com.ar\/noticias\/wp-json\/wp\/v2\/posts\/87489\/revisions"}],"predecessor-version":[{"id":87492,"href":"https:\/\/laurbedigital.com.ar\/noticias\/wp-json\/wp\/v2\/posts\/87489\/revisions\/87492"}],"wp:featuredmedia":[{"embeddable":true,"href":"https:\/\/laurbedigital.com.ar\/noticias\/wp-json\/wp\/v2\/media\/87490"}],"wp:attachment":[{"href":"https:\/\/laurbedigital.com.ar\/noticias\/wp-json\/wp\/v2\/media?parent=87489"}],"wp:term":[{"taxonomy":"category","embeddable":true,"href":"https:\/\/laurbedigital.com.ar\/noticias\/wp-json\/wp\/v2\/categories?post=87489"},{"taxonomy":"post_tag","embeddable":true,"href":"https:\/\/laurbedigital.com.ar\/noticias\/wp-json\/wp\/v2\/tags?post=87489"}],"curies":[{"name":"wp","href":"https:\/\/api.w.org\/{rel}","templated":true}]}}