{"id":87432,"date":"2023-01-18T21:29:42","date_gmt":"2023-01-19T00:29:42","guid":{"rendered":"https:\/\/laurbedigital.com.ar\/noticias\/?p=87432"},"modified":"2023-01-18T21:29:42","modified_gmt":"2023-01-19T00:29:42","slug":"ocho-personas-que-le-pegan-a-una-son-unos-cobardes-asevero-burlando","status":"publish","type":"post","link":"https:\/\/laurbedigital.com.ar\/noticias\/2023\/01\/18\/ocho-personas-que-le-pegan-a-una-son-unos-cobardes-asevero-burlando\/","title":{"rendered":"\u00abOcho personas que le pegan a una son unos cobardes\u00bb, asever\u00f3 Burlando"},"content":{"rendered":"<p>&nbsp;<\/p>\n<h6><strong>\u00abEl balance es positiv\u00edsimo<\/strong>. El logro de la fiscal\u00eda fue sacar una confesi\u00f3n de Cinalli, que se puso en el lugar del hecho. \u00c9l mismo se ubica a menos de treinta cent\u00edmetros en la escena del crimen\u00bb, asegur\u00f3 esta tarde a la prensa el letrado, tras finalizar de 13ra. jornada del proceso a cargo del Tribunal Oral en lo Criminal (TOC) 1 de Dolores.<\/h6>\n<p>En ese sentido, el abogado querellante apunt\u00f3 contra el imputado que en la fecha rompi\u00f3 el silencio en el debate:\u00a0<strong>\u00abOcho personas que le pegan a una son unos cobardes.<\/strong>\u00a0Cinalli sos un cobarde. No te califiqu\u00e9 sobre lo que hiciste, hice una descripci\u00f3n de lo que se ve en los videos.\u00bb<\/p>\n<p>Adem\u00e1s, Burlando atribuy\u00f3 que los dichos de Cinalli se debieron a \u00abla inteligencia\u00bb de los fiscales Juan Manuel D\u00e1vila y Gustavo Garc\u00eda, sobre quienes consider\u00f3 que hicieron \u00abuna preparaci\u00f3n fant\u00e1stica del caso\u00bb.<\/p>\n<p>\u00abFue un gran logro sacar esa declaraci\u00f3n.\u00a0<strong>Obedece a la gran inteligencia de D\u00e1vila<\/strong>\u00a0que ha hecho una preparaci\u00f3n fant\u00e1stica del caso. Tengo que destacar es el trabajo de los dos fiscales. Realmente dos funcionarios que le metieron una garra, toda su inteligencia, resignando horas a su familia y vida personal\u00bb, opin\u00f3.<\/p>\n<p>Luego, el letrado analiz\u00f3 los dichos que realizaron durante todo el debate cinco de los ocho acusados y los catalog\u00f3 como \u00abpoco inteligentes\u00bb.<\/p>\n<p>\u00abLos otros tres quiz\u00e1s tienen sus \u00faltimas palabras.\u00a0<strong>Para hablar como hablaron, con tanta falta de inteligencia y falta de criterio<\/strong>, es preferible que se callen. No tengo dudas de que esta gente si est\u00e1 en la calle mata de nuevo\u00bb, indic\u00f3 Burlando.<\/p>\n<p>Y agreg\u00f3: \u00abEsta actitud de Cinalli, su modo gestual, este analfabetismo emocional es realmente preocupante. Creo que lo que pas\u00f3, sabemos por qu\u00e9 pas\u00f3. La casa tiene mucho que ver en el presente de esta gente\u00bb.<\/p>\n<p>Por \u00faltimo, el letrado consider\u00f3 que los peritos forenses de parte de la defensa que declararon hoy\u00a0<strong>\u00abse fueron aturdidos\u00bb y que \u00abno sab\u00edan qu\u00e9 responder\u00bb.<\/strong><\/p>\n<p>&nbsp;<\/p>\n","protected":false},"excerpt":{"rendered":"<p>&nbsp; \u00abEl balance es positiv\u00edsimo. El logro de la fiscal\u00eda fue sacar una confesi\u00f3n de Cinalli, que se puso en<\/p>\n","protected":false},"author":1,"featured_media":87433,"comment_status":"closed","ping_status":"closed","sticky":false,"template":"","format":"standard","meta":{"kia_subtitle":"","footnotes":"","jetpack_publicize_message":"\"Ocho personas que le pegan a una son unos cobardes\", asever\u00f3 Burlando","jetpack_publicize_feature_enabled":true,"jetpack_social_post_already_shared":true,"jetpack_social_options":{"image_generator_settings":{"template":"highway","default_image_id":0,"font":"","enabled":false},"version":2}},"categories":[8],"tags":[],"class_list":["post-87432","post","type-post","status-publish","format-standard","has-post-thumbnail","hentry","category-policiales"],"jetpack_publicize_connections":[],"jetpack_featured_media_url":"https:\/\/laurbedigital.com.ar\/noticias\/wp-content\/uploads\/2023\/01\/20230119-Burlando.jpg","_links":{"self":[{"href":"https:\/\/laurbedigital.com.ar\/noticias\/wp-json\/wp\/v2\/posts\/87432","targetHints":{"allow":["GET"]}}],"collection":[{"href":"https:\/\/laurbedigital.com.ar\/noticias\/wp-json\/wp\/v2\/posts"}],"about":[{"href":"https:\/\/laurbedigital.com.ar\/noticias\/wp-json\/wp\/v2\/types\/post"}],"author":[{"embeddable":true,"href":"https:\/\/laurbedigital.com.ar\/noticias\/wp-json\/wp\/v2\/users\/1"}],"replies":[{"embeddable":true,"href":"https:\/\/laurbedigital.com.ar\/noticias\/wp-json\/wp\/v2\/comments?post=87432"}],"version-history":[{"count":2,"href":"https:\/\/laurbedigital.com.ar\/noticias\/wp-json\/wp\/v2\/posts\/87432\/revisions"}],"predecessor-version":[{"id":87435,"href":"https:\/\/laurbedigital.com.ar\/noticias\/wp-json\/wp\/v2\/posts\/87432\/revisions\/87435"}],"wp:featuredmedia":[{"embeddable":true,"href":"https:\/\/laurbedigital.com.ar\/noticias\/wp-json\/wp\/v2\/media\/87433"}],"wp:attachment":[{"href":"https:\/\/laurbedigital.com.ar\/noticias\/wp-json\/wp\/v2\/media?parent=87432"}],"wp:term":[{"taxonomy":"category","embeddable":true,"href":"https:\/\/laurbedigital.com.ar\/noticias\/wp-json\/wp\/v2\/categories?post=87432"},{"taxonomy":"post_tag","embeddable":true,"href":"https:\/\/laurbedigital.com.ar\/noticias\/wp-json\/wp\/v2\/tags?post=87432"}],"curies":[{"name":"wp","href":"https:\/\/api.w.org\/{rel}","templated":true}]}}