{"id":87425,"date":"2023-01-18T14:39:08","date_gmt":"2023-01-18T17:39:08","guid":{"rendered":"https:\/\/laurbedigital.com.ar\/noticias\/?p=87425"},"modified":"2023-01-18T14:39:08","modified_gmt":"2023-01-18T17:39:08","slug":"gloria-eterna-la-seleccion-argentina-recuerda-el-titulo-mundial-a-un-mes-de-la-consagracion","status":"publish","type":"post","link":"https:\/\/laurbedigital.com.ar\/noticias\/2023\/01\/18\/gloria-eterna-la-seleccion-argentina-recuerda-el-titulo-mundial-a-un-mes-de-la-consagracion\/","title":{"rendered":"Gloria eterna: la Selecci\u00f3n Argentina recuerda el t\u00edtulo mundial a un mes de la consagraci\u00f3n"},"content":{"rendered":"<p>&nbsp;<\/p>\n<h6 class=\"excerpt\"><strong>El 18 de diciembre de 2022, la Scaloneta le ganaba la final a Francia por penales en el estadio Lusail y consegu\u00eda la tan ansiada tercera estrella.<\/strong><\/h6>\n<section class=\"detail-body first-paragraph\">\n<section id=\"note-body\" class=\"body-content note-body content-protected-false\" data-twitter-link=\"https:\/\/twitter.com\/intent\/tweet?url=https:\/\/www.minutouno.com\/c5631517&amp;v\u00eda=Ambitocom&amp;related=MinutoUno&amp;text=\">La cuenta oficial de la\u00a0<strong>Selecci\u00f3n Argentina<\/strong>\u00a0y los<strong>\u00a0campeones del Mundo<\/strong>\u00a0recordaron el primer mes\u00a0<strong>\u00abde la obtenci\u00f3n de la gloria\u00bb\u00a0<\/strong>en el\u00a0<strong>Mundial de Qatar 2022<\/strong>.<\/section>\n<\/section>\n<section class=\"detail-body second-paragraph\">\n<section class=\"body-content note-body content-protected-false\"><span id=\"saysCMSEmphasisx0wb5scfsg\" class=\"saysCMSEmphasis\">\u00abYa ganamos la tercera&#8230;\u00a1Ya somos campe\u00f3n Mundial! A un mes de la obtenci\u00f3n de la gloria\u00bb<\/span>, public\u00f3 la cuenta de la Selecci\u00f3n Argentina en las redes sociales.<\/p>\n<blockquote class=\"twitter-tweet\">\n<p dir=\"ltr\" lang=\"es\">Ya ganamos la tercera&#8230;<br \/>\n\u00a1Ya somos campe\u00f3n mundial! &#x1f1e6;&#x1f1f7;&#x1f3c6;&#x1f3b6;<\/p>\n<p>A un mes de la obtenci\u00f3n de la gloria &#x1f64c; <a href=\"https:\/\/t.co\/YMMyHdZFel\">pic.twitter.com\/YMMyHdZFel<\/a><\/p>\n<p>\u2014 &#x1f1e6;&#x1f1f7; Selecci\u00f3n Argentina &#x2b50;&#x2b50;&#x2b50; (@Argentina) <a href=\"https:\/\/twitter.com\/Argentina\/status\/1615689438499344384?ref_src=twsrc%5Etfw\" target=\"_blank\" rel=\"noopener\">January 18, 2023<\/a><\/p><\/blockquote>\n<p><script async src=\"https:\/\/platform.twitter.com\/widgets.js\" charset=\"utf-8\"><\/script><\/p>\n<p>&nbsp;<\/p>\n<\/section>\n<\/section>\n","protected":false},"excerpt":{"rendered":"<p>&nbsp; El 18 de diciembre de 2022, la Scaloneta le ganaba la final a Francia por penales en el estadio<\/p>\n","protected":false},"author":1,"featured_media":87426,"comment_status":"closed","ping_status":"closed","sticky":false,"template":"","format":"standard","meta":{"kia_subtitle":"","footnotes":"","jetpack_publicize_message":"","jetpack_publicize_feature_enabled":true,"jetpack_social_post_already_shared":true,"jetpack_social_options":{"image_generator_settings":{"template":"highway","default_image_id":0,"font":"","enabled":false},"version":2}},"categories":[4,27],"tags":[],"class_list":["post-87425","post","type-post","status-publish","format-standard","has-post-thumbnail","hentry","category-deporte","category-dakar"],"jetpack_publicize_connections":[],"jetpack_featured_media_url":"https:\/\/laurbedigital.com.ar\/noticias\/wp-content\/uploads\/2023\/01\/20230118-Seleccion-Argentina-Copa-Qatar-Messi.jpg","_links":{"self":[{"href":"https:\/\/laurbedigital.com.ar\/noticias\/wp-json\/wp\/v2\/posts\/87425","targetHints":{"allow":["GET"]}}],"collection":[{"href":"https:\/\/laurbedigital.com.ar\/noticias\/wp-json\/wp\/v2\/posts"}],"about":[{"href":"https:\/\/laurbedigital.com.ar\/noticias\/wp-json\/wp\/v2\/types\/post"}],"author":[{"embeddable":true,"href":"https:\/\/laurbedigital.com.ar\/noticias\/wp-json\/wp\/v2\/users\/1"}],"replies":[{"embeddable":true,"href":"https:\/\/laurbedigital.com.ar\/noticias\/wp-json\/wp\/v2\/comments?post=87425"}],"version-history":[{"count":2,"href":"https:\/\/laurbedigital.com.ar\/noticias\/wp-json\/wp\/v2\/posts\/87425\/revisions"}],"predecessor-version":[{"id":87428,"href":"https:\/\/laurbedigital.com.ar\/noticias\/wp-json\/wp\/v2\/posts\/87425\/revisions\/87428"}],"wp:featuredmedia":[{"embeddable":true,"href":"https:\/\/laurbedigital.com.ar\/noticias\/wp-json\/wp\/v2\/media\/87426"}],"wp:attachment":[{"href":"https:\/\/laurbedigital.com.ar\/noticias\/wp-json\/wp\/v2\/media?parent=87425"}],"wp:term":[{"taxonomy":"category","embeddable":true,"href":"https:\/\/laurbedigital.com.ar\/noticias\/wp-json\/wp\/v2\/categories?post=87425"},{"taxonomy":"post_tag","embeddable":true,"href":"https:\/\/laurbedigital.com.ar\/noticias\/wp-json\/wp\/v2\/tags?post=87425"}],"curies":[{"name":"wp","href":"https:\/\/api.w.org\/{rel}","templated":true}]}}