{"id":87381,"date":"2023-01-17T10:51:38","date_gmt":"2023-01-17T13:51:38","guid":{"rendered":"https:\/\/laurbedigital.com.ar\/noticias\/?p=87381"},"modified":"2023-01-17T10:57:12","modified_gmt":"2023-01-17T13:57:12","slug":"atencion-glew-el-municipio-suma-dos-jornadas-de-vacunacion-contra-el-covid","status":"publish","type":"post","link":"https:\/\/laurbedigital.com.ar\/noticias\/2023\/01\/17\/atencion-glew-el-municipio-suma-dos-jornadas-de-vacunacion-contra-el-covid\/","title":{"rendered":"\u00a1Atenci\u00f3n Glew!: El Municipio suma dos jornadas de vacunaci\u00f3n contra el Covid"},"content":{"rendered":"<h6><\/h6>\n<h6><strong>El Municipio de Almirante Brown llevar\u00e1 adelante dos nuevas jornadas itinerantes de vacunaci\u00f3n contra el Covid-19 en el nuevo edificio de la Delegaci\u00f3n Municipal de Glew este martes 17 y mi\u00e9rcoles 18 de enero.<\/strong><\/h6>\n<div>\n<p>Desde la Secretar\u00eda de Salud local indicaron que las jornadas se realizar\u00e1n de 9 a 13 horas en el flamante edificio ubicado en el Circuito de Glew, en la intersecci\u00f3n con la calle Jorge Newbery.<\/p>\n<p>Esta actividad se suma a la labor de las postas fijas que trabajan de lunes a viernes, de 8 a 18 horas, en los Centros de Atenci\u00f3n Primaria de la Salud (CAPS) N\u00b08 \u201cEl Encuentro\u201d de Malvinas Argentinas (Ituzaing\u00f3 N\u00b0 319); el CAPS N\u00b012 \u201cDon Orione\u201d (Carcara\u00f1\u00e1 y Eva Per\u00f3n), y el CAPS N\u00b023 \u201cGlew Sur\u201d (Zufriategui N\u00b0 3550), adem\u00e1s de los hospitales provinciales Arturo O\u00f1ativia y Lucio Mel\u00e9ndez.<\/p>\n<\/div>\n<div><\/div>\n<div>\n<p><img loading=\"lazy\" decoding=\"async\" class=\"alignnone size-large wp-image-86822\" src=\"https:\/\/laurbedigital.com.ar\/noticias\/wp-content\/uploads\/2023\/01\/2deeneroc-1024x684.jpg\" alt=\"\" width=\"800\" height=\"534\" title=\"\" srcset=\"https:\/\/laurbedigital.com.ar\/noticias\/wp-content\/uploads\/2023\/01\/2deeneroc-1024x684.jpg 1024w, https:\/\/laurbedigital.com.ar\/noticias\/wp-content\/uploads\/2023\/01\/2deeneroc-300x200.jpg 300w, https:\/\/laurbedigital.com.ar\/noticias\/wp-content\/uploads\/2023\/01\/2deeneroc-768x513.jpg 768w, https:\/\/laurbedigital.com.ar\/noticias\/wp-content\/uploads\/2023\/01\/2deeneroc.jpg 1440w\" sizes=\"auto, (max-width: 800px) 100vw, 800px\" \/><\/p>\n<p>Cabe destacar que tambi\u00e9n se realiza en simult\u00e1neo la vacunaci\u00f3n pedi\u00e1trica indicada a ni\u00f1os y ni\u00f1as a partir de los 6 meses y hasta los 3 a\u00f1os inclusive en los CAPS N\u00b011 \u201cLa Gloria\u201d de San Jos\u00e9 (La Calandria N\u00b01630); CAPS N\u00b031 \u201cBurzaco\u201d (Alsina N\u00b02116); el CAPS N\u00b016 \u201cRafael Calzada\u201d (San Mart\u00edn N\u00b04900).<\/p>\n<\/div>\n<h6>\u201cContinuamos en Almirante Brown con la campa\u00f1a de vacunaci\u00f3n federal, libre y gratuita contra el Covid-19, sumando puntos de vacunaci\u00f3n itinerantes adem\u00e1s del trabajo de las postas fijas en articulaci\u00f3n con Naci\u00f3n y Provincia\u201d, remarc\u00f3 Mariano Cascallares.<\/h6>\n<h6>Mientras que el intendente interino, Juan Fabiani, subray\u00f3 la importancia de que los vecinos y vecinas avancen con la inmunizaci\u00f3n para evitar rebrotes y complicaciones\u201d.<\/h6>\n<div>\n<p>Finalmente, desde el Municipio de Almirante Brown recordaron a los vecinos y vecinas que -en todos los casos- se acerquen a las postas de vacunaci\u00f3n utilizando barbijo.<\/p>\n<p><img loading=\"lazy\" decoding=\"async\" class=\"alignnone size-large wp-image-86429\" src=\"https:\/\/laurbedigital.com.ar\/noticias\/wp-content\/uploads\/2022\/12\/vacuna1-1024x683.jpg\" alt=\"\" width=\"800\" height=\"534\" title=\"\" srcset=\"https:\/\/laurbedigital.com.ar\/noticias\/wp-content\/uploads\/2022\/12\/vacuna1-1024x683.jpg 1024w, https:\/\/laurbedigital.com.ar\/noticias\/wp-content\/uploads\/2022\/12\/vacuna1-300x200.jpg 300w, https:\/\/laurbedigital.com.ar\/noticias\/wp-content\/uploads\/2022\/12\/vacuna1-768x512.jpg 768w, https:\/\/laurbedigital.com.ar\/noticias\/wp-content\/uploads\/2022\/12\/vacuna1-1536x1024.jpg 1536w, https:\/\/laurbedigital.com.ar\/noticias\/wp-content\/uploads\/2022\/12\/vacuna1.jpg 1600w\" sizes=\"auto, (max-width: 800px) 100vw, 800px\" \/><\/p>\n<\/div>\n","protected":false},"excerpt":{"rendered":"<p>El Municipio de Almirante Brown llevar\u00e1 adelante dos nuevas jornadas itinerantes de vacunaci\u00f3n contra el Covid-19 en el nuevo edificio<\/p>\n","protected":false},"author":1,"featured_media":87382,"comment_status":"closed","ping_status":"closed","sticky":false,"template":"","format":"standard","meta":{"kia_subtitle":"","footnotes":"","jetpack_publicize_message":"\u00a1Atenci\u00f3n Glew!: El Municipio suma dos jornadas de vacunaci\u00f3n contra el Covid","jetpack_publicize_feature_enabled":true,"jetpack_social_post_already_shared":true,"jetpack_social_options":{"image_generator_settings":{"template":"highway","default_image_id":0,"font":"","enabled":false},"version":2}},"categories":[2,33,50],"tags":[],"class_list":["post-87381","post","type-post","status-publish","format-standard","has-post-thumbnail","hentry","category-alte-brown","category-alte-brown-alte-brown","category-glew"],"jetpack_publicize_connections":[],"jetpack_featured_media_url":"https:\/\/laurbedigital.com.ar\/noticias\/wp-content\/uploads\/2023\/01\/20230117-Brown-Glew-Vacunacion.jpg","_links":{"self":[{"href":"https:\/\/laurbedigital.com.ar\/noticias\/wp-json\/wp\/v2\/posts\/87381","targetHints":{"allow":["GET"]}}],"collection":[{"href":"https:\/\/laurbedigital.com.ar\/noticias\/wp-json\/wp\/v2\/posts"}],"about":[{"href":"https:\/\/laurbedigital.com.ar\/noticias\/wp-json\/wp\/v2\/types\/post"}],"author":[{"embeddable":true,"href":"https:\/\/laurbedigital.com.ar\/noticias\/wp-json\/wp\/v2\/users\/1"}],"replies":[{"embeddable":true,"href":"https:\/\/laurbedigital.com.ar\/noticias\/wp-json\/wp\/v2\/comments?post=87381"}],"version-history":[{"count":3,"href":"https:\/\/laurbedigital.com.ar\/noticias\/wp-json\/wp\/v2\/posts\/87381\/revisions"}],"predecessor-version":[{"id":87385,"href":"https:\/\/laurbedigital.com.ar\/noticias\/wp-json\/wp\/v2\/posts\/87381\/revisions\/87385"}],"wp:featuredmedia":[{"embeddable":true,"href":"https:\/\/laurbedigital.com.ar\/noticias\/wp-json\/wp\/v2\/media\/87382"}],"wp:attachment":[{"href":"https:\/\/laurbedigital.com.ar\/noticias\/wp-json\/wp\/v2\/media?parent=87381"}],"wp:term":[{"taxonomy":"category","embeddable":true,"href":"https:\/\/laurbedigital.com.ar\/noticias\/wp-json\/wp\/v2\/categories?post=87381"},{"taxonomy":"post_tag","embeddable":true,"href":"https:\/\/laurbedigital.com.ar\/noticias\/wp-json\/wp\/v2\/tags?post=87381"}],"curies":[{"name":"wp","href":"https:\/\/api.w.org\/{rel}","templated":true}]}}