{"id":8723,"date":"2017-10-02T18:29:13","date_gmt":"2017-10-02T21:29:13","guid":{"rendered":"http:\/\/laurbedigital.com.ar\/noticias\/?p=8723"},"modified":"2017-10-02T18:29:13","modified_gmt":"2017-10-02T21:29:13","slug":"cristina-cerrara-la-campana-de-unidad-ciudadana-el-lunes-16-en-el-estadio-racing","status":"publish","type":"post","link":"https:\/\/laurbedigital.com.ar\/noticias\/2017\/10\/02\/cristina-cerrara-la-campana-de-unidad-ciudadana-el-lunes-16-en-el-estadio-racing\/","title":{"rendered":"Cristina cerrar\u00e1 la campa\u00f1a de Unidad Ciudadana el lunes 16 en el estadio Racing"},"content":{"rendered":"<div id=\"moz-reader-content\" class=\"line-height4\">\n<div id=\"readability-page-1\" class=\"page\">\n<div class=\"flr g12 arial ctext fz16 lh26 wysiwyg mb20 \">\n<div class=\"texto_nota\">\n<p>Desde el entorno de la ex presidenta de la Naci\u00f3n y primera candidata a senadora de Unidad Ciudadana, Cristina Fern\u00e1ndez, confirmaron que el cierre de campa\u00f1a ser\u00e1 el pr\u00f3ximo lunes 16 a las 14 horas en el estadio de Racing, en Avellaneda.<\/p>\n<p>Asimismo, los organizadores del acto anunciaron que planean \u00abun encuentro con militancia pero tambi\u00e9n con mucha presencia de familias\u00bb. De esta forma, la liturgia peronista, entre bombos y banderas, se fusionar\u00e1 en sinton\u00eda con las \u00faltimas presentaciones de la ex mandataria, en la que ciudadanos de a pie tomaron protagonismo sobre el escenario.<\/p>\n<p>La fecha y el lugar tendr\u00e1n de por s\u00ed una inspiraci\u00f3n particular para los seguidores de Fern\u00e1ndez. Es que mientras la actividad se llevar\u00e1 a cabo un d\u00eda antes del D\u00eda de la Lealtad Peronista, el estadio de Racing es la casa del equipo de f\u00fatbol del fallecido ex presidente N\u00e9stor Kirchner.<\/p>\n<p>&nbsp;<\/p>\n<\/div>\n<\/div>\n<\/div>\n<\/div>\n","protected":false},"excerpt":{"rendered":"<p>Desde el entorno de la ex presidenta de la Naci\u00f3n y primera candidata a senadora de Unidad Ciudadana, Cristina Fern\u00e1ndez,<\/p>\n","protected":false},"author":1,"featured_media":8724,"comment_status":"closed","ping_status":"closed","sticky":false,"template":"","format":"standard","meta":{"kia_subtitle":"","footnotes":"","jetpack_publicize_message":"","jetpack_publicize_feature_enabled":true,"jetpack_social_post_already_shared":true,"jetpack_social_options":{"image_generator_settings":{"template":"highway","default_image_id":0,"font":"","enabled":false},"version":2}},"categories":[13,20],"tags":[],"class_list":["post-8723","post","type-post","status-publish","format-standard","has-post-thumbnail","hentry","category-region","category-avellaneda"],"jetpack_publicize_connections":[],"jetpack_featured_media_url":"https:\/\/laurbedigital.com.ar\/noticias\/wp-content\/uploads\/2017\/10\/20171002-region.jpg","_links":{"self":[{"href":"https:\/\/laurbedigital.com.ar\/noticias\/wp-json\/wp\/v2\/posts\/8723","targetHints":{"allow":["GET"]}}],"collection":[{"href":"https:\/\/laurbedigital.com.ar\/noticias\/wp-json\/wp\/v2\/posts"}],"about":[{"href":"https:\/\/laurbedigital.com.ar\/noticias\/wp-json\/wp\/v2\/types\/post"}],"author":[{"embeddable":true,"href":"https:\/\/laurbedigital.com.ar\/noticias\/wp-json\/wp\/v2\/users\/1"}],"replies":[{"embeddable":true,"href":"https:\/\/laurbedigital.com.ar\/noticias\/wp-json\/wp\/v2\/comments?post=8723"}],"version-history":[{"count":1,"href":"https:\/\/laurbedigital.com.ar\/noticias\/wp-json\/wp\/v2\/posts\/8723\/revisions"}],"predecessor-version":[{"id":8725,"href":"https:\/\/laurbedigital.com.ar\/noticias\/wp-json\/wp\/v2\/posts\/8723\/revisions\/8725"}],"wp:featuredmedia":[{"embeddable":true,"href":"https:\/\/laurbedigital.com.ar\/noticias\/wp-json\/wp\/v2\/media\/8724"}],"wp:attachment":[{"href":"https:\/\/laurbedigital.com.ar\/noticias\/wp-json\/wp\/v2\/media?parent=8723"}],"wp:term":[{"taxonomy":"category","embeddable":true,"href":"https:\/\/laurbedigital.com.ar\/noticias\/wp-json\/wp\/v2\/categories?post=8723"},{"taxonomy":"post_tag","embeddable":true,"href":"https:\/\/laurbedigital.com.ar\/noticias\/wp-json\/wp\/v2\/tags?post=8723"}],"curies":[{"name":"wp","href":"https:\/\/api.w.org\/{rel}","templated":true}]}}