{"id":86988,"date":"2023-01-07T11:58:37","date_gmt":"2023-01-07T14:58:37","guid":{"rendered":"https:\/\/laurbedigital.com.ar\/noticias\/?p=86988"},"modified":"2023-01-06T19:03:11","modified_gmt":"2023-01-06T22:03:11","slug":"las-vacaciones-en-familia-para-todos-los-gustos","status":"publish","type":"post","link":"https:\/\/laurbedigital.com.ar\/noticias\/2023\/01\/07\/las-vacaciones-en-familia-para-todos-los-gustos\/","title":{"rendered":"Las vacaciones en familia para todos los gustos"},"content":{"rendered":"<p>&nbsp;<\/p>\n<h6><strong>Explota el verano 2023 y la ocupaci\u00f3n de la capacidad hotelera del pa\u00eds tambi\u00e9n est\u00e1 a pleno, con su m\u00e1xima capacidad ocupada. Y es que las estrategias diferentes que el turismo ha implementado tambi\u00e9n han funcionado, y desde que se han relajado y en algunos casos se ha terminado, el aislamiento social, preventivo y obligatorio, la reactivaci\u00f3n de ese sector se incrementado sucesivamente en todas las oportunidades.<\/strong><\/h6>\n<p><span style=\"font-weight: 400;\">Recordemos adem\u00e1s, que se trata de uno de los sectores m\u00e1s castigados durante la pandemia, y que gener\u00f3 m\u00e1s preocupaci\u00f3n en torno a las medidas de aislamiento y los viajes programados que ten\u00edan las personas que pensaban tomar sus vacaciones fuera y dentro del pa\u00eds, en aviones que han dejado durante un largo per\u00edodo el aire, para estar en la tierra.<\/p>\n<p><\/span><span style=\"font-weight: 400;\">Con la etapa de recuperaci\u00f3n en marcha, hay que disfrutar del verano que se alza sobre nuestros hombros, y que promete llevarnos buen tiempo y un descanso largamente merecido. Y ah\u00ed es donde nos empezamos a preguntar por los precios en una econom\u00eda marcada por el flagelo de la inflaci\u00f3n, por la especulaci\u00f3n de precios, y por salarios que, en relaci\u00f3n a la inflaci\u00f3n, no han crecido tanto.<\/p>\n<p><\/span><span style=\"font-weight: 400;\">Por supuesto que existen los vivos de siempre, los que piensan que un alquiler de 15 d\u00edas puede hacer toda una temporada, los que creen que el 1ro de a\u00f1o los precios tienen que valer el doble, porque como llega el \u00e9xodo vacacional, los que pueden tomarse vacaciones son los que pueden pagar el doble. Pero lo cierto, es que este a\u00f1o los precios en la costa atl\u00e1ntica al menos, no han subido tanto como para no frenar algunos d\u00edas, dejar las preocupaciones y llevar a los m\u00e1s chicos a disfrutar del sol y del agua del mar.<\/p>\n<p><\/span><span style=\"font-weight: 400;\">Como siempre, tambi\u00e9n en el conurbano existen alternativas gratuitas que son parte de las opciones a disfrutar y que son tan entretenidas como cualquier playa. En Almirante Brown, la Casa de la Cultura, la fundaci\u00f3n Soldi y el Centro de Arte y Cultura Burzaco, son algunos de los epicentros que durante estos meses ser\u00e1n visitados por peque\u00f1os y adultos para disfrutar de los mejores shows y actividades de todo tipo.<\/p>\n<p><\/span><span style=\"font-weight: 400;\">Terminamos un a\u00f1o de contradicciones, de innumerables situaciones que nos llevaron al extremo de las emociones. El regalo del Campeonato del Mundo, es quiz\u00e1s el corolario de una muestra de necesidad de esperanza que tenemos todos los argentinos y argentinas, y que esperamos que este receso vacacional sea quien empuje estas emociones para crear un sentimiento de identidad com\u00fan que finalmente termine con las \u201cbrechas\u201d que nos separan.<\/span><\/p>\n<p>&nbsp;<\/p>\n<p>&nbsp;<\/p>\n","protected":false},"excerpt":{"rendered":"<p>&nbsp; Explota el verano 2023 y la ocupaci\u00f3n de la capacidad hotelera del pa\u00eds tambi\u00e9n est\u00e1 a pleno, con su<\/p>\n","protected":false},"author":1,"featured_media":86989,"comment_status":"closed","ping_status":"closed","sticky":false,"template":"","format":"standard","meta":{"kia_subtitle":"","footnotes":"","jetpack_publicize_message":"Las vacaciones en familia para todos los gustos","jetpack_publicize_feature_enabled":true,"jetpack_social_post_already_shared":true,"jetpack_social_options":{"image_generator_settings":{"template":"highway","default_image_id":0,"font":"","enabled":false},"version":2}},"categories":[26],"tags":[],"class_list":["post-86988","post","type-post","status-publish","format-standard","has-post-thumbnail","hentry","category-editorial"],"jetpack_publicize_connections":[],"jetpack_featured_media_url":"https:\/\/laurbedigital.com.ar\/noticias\/wp-content\/uploads\/2023\/01\/20230107-editorial.jpg","_links":{"self":[{"href":"https:\/\/laurbedigital.com.ar\/noticias\/wp-json\/wp\/v2\/posts\/86988","targetHints":{"allow":["GET"]}}],"collection":[{"href":"https:\/\/laurbedigital.com.ar\/noticias\/wp-json\/wp\/v2\/posts"}],"about":[{"href":"https:\/\/laurbedigital.com.ar\/noticias\/wp-json\/wp\/v2\/types\/post"}],"author":[{"embeddable":true,"href":"https:\/\/laurbedigital.com.ar\/noticias\/wp-json\/wp\/v2\/users\/1"}],"replies":[{"embeddable":true,"href":"https:\/\/laurbedigital.com.ar\/noticias\/wp-json\/wp\/v2\/comments?post=86988"}],"version-history":[{"count":2,"href":"https:\/\/laurbedigital.com.ar\/noticias\/wp-json\/wp\/v2\/posts\/86988\/revisions"}],"predecessor-version":[{"id":86991,"href":"https:\/\/laurbedigital.com.ar\/noticias\/wp-json\/wp\/v2\/posts\/86988\/revisions\/86991"}],"wp:featuredmedia":[{"embeddable":true,"href":"https:\/\/laurbedigital.com.ar\/noticias\/wp-json\/wp\/v2\/media\/86989"}],"wp:attachment":[{"href":"https:\/\/laurbedigital.com.ar\/noticias\/wp-json\/wp\/v2\/media?parent=86988"}],"wp:term":[{"taxonomy":"category","embeddable":true,"href":"https:\/\/laurbedigital.com.ar\/noticias\/wp-json\/wp\/v2\/categories?post=86988"},{"taxonomy":"post_tag","embeddable":true,"href":"https:\/\/laurbedigital.com.ar\/noticias\/wp-json\/wp\/v2\/tags?post=86988"}],"curies":[{"name":"wp","href":"https:\/\/api.w.org\/{rel}","templated":true}]}}