{"id":86888,"date":"2023-01-03T20:15:15","date_gmt":"2023-01-03T23:15:15","guid":{"rendered":"https:\/\/laurbedigital.com.ar\/noticias\/?p=86888"},"modified":"2023-01-03T20:15:15","modified_gmt":"2023-01-03T23:15:15","slug":"cancelaron-la-serie-1899-tras-la-primera-temporada","status":"publish","type":"post","link":"https:\/\/laurbedigital.com.ar\/noticias\/2023\/01\/03\/cancelaron-la-serie-1899-tras-la-primera-temporada\/","title":{"rendered":"Cancelaron la serie \u00ab1899\u00bb tras la primera temporada"},"content":{"rendered":"<p>&nbsp;<\/p>\n<h6><strong>As\u00ed lo informaron los creadores alemanes Jantje Friese y Baran bo Odar en un comunicado.<\/strong><\/h6>\n<div><strong>Netflix\u00a0<\/strong>cancel\u00f3\u00a0<strong>\u00ab1899\u00bb<\/strong>, tira de \u00e9poca, misterio y terror que sigue a un grupo de migrantes europeos cuyo viaje hacia Nueva York por mar se transforma en una oscura pesadilla.<\/div>\n<div>\n<p>As\u00ed lo inform\u00f3 la dupla de realizadores alemanes\u00a0<strong>Jantje Friese y Baran bo Odar,<\/strong>\u00a0creadores de la serie: \u201cCon gran pesar tenemos que decirles que 1899 no se renovar\u00e1. Nos hubiera encantado terminar este incre\u00edble viaje con una segunda y una tercera temporada como lo hicimos con Dark\u00bb, dijeron en Instagram.<\/p>\n<p>Luego siguieron: \u00abPero a veces las cosas no salen como las planeaste. As\u00ed es la vida. Sabemos que esto decepcionar\u00e1 a millones de fan\u00e1ticos. Pero queremos agradecerles desde el fondo de nuestros corazones que hayan sido parte de esta maravillosa aventura. Los amamos. Nunca lo olviden\u201d.<\/p>\n<p><iframe loading=\"lazy\" title=\"1899 (EN ESPA\u00d1OL) | Tr\u00e1iler oficial | Netflix\" src=\"https:\/\/www.youtube.com\/embed\/rA-WdL4D6fk\" width=\"696\" height=\"392\" frameborder=\"0\" allowfullscreen=\"allowfullscreen\"><\/iframe><\/p>\n<p>&nbsp;<\/p>\n<\/div>\n","protected":false},"excerpt":{"rendered":"<p>&nbsp; As\u00ed lo informaron los creadores alemanes Jantje Friese y Baran bo Odar en un comunicado. Netflix\u00a0cancel\u00f3\u00a0\u00ab1899\u00bb, tira de \u00e9poca,<\/p>\n","protected":false},"author":1,"featured_media":85326,"comment_status":"closed","ping_status":"closed","sticky":false,"template":"","format":"standard","meta":{"kia_subtitle":"","footnotes":"","jetpack_publicize_message":"Cancelaron la serie \u00ab1899\u00bb tras la primera temporada","jetpack_publicize_feature_enabled":true,"jetpack_social_post_already_shared":true,"jetpack_social_options":{"image_generator_settings":{"template":"highway","default_image_id":0,"font":"","enabled":false},"version":2}},"categories":[68],"tags":[],"class_list":["post-86888","post","type-post","status-publish","format-standard","has-post-thumbnail","hentry","category-cine-y-series"],"jetpack_publicize_connections":[],"jetpack_featured_media_url":"https:\/\/laurbedigital.com.ar\/noticias\/wp-content\/uploads\/2022\/11\/202211022-1899.jpg","_links":{"self":[{"href":"https:\/\/laurbedigital.com.ar\/noticias\/wp-json\/wp\/v2\/posts\/86888","targetHints":{"allow":["GET"]}}],"collection":[{"href":"https:\/\/laurbedigital.com.ar\/noticias\/wp-json\/wp\/v2\/posts"}],"about":[{"href":"https:\/\/laurbedigital.com.ar\/noticias\/wp-json\/wp\/v2\/types\/post"}],"author":[{"embeddable":true,"href":"https:\/\/laurbedigital.com.ar\/noticias\/wp-json\/wp\/v2\/users\/1"}],"replies":[{"embeddable":true,"href":"https:\/\/laurbedigital.com.ar\/noticias\/wp-json\/wp\/v2\/comments?post=86888"}],"version-history":[{"count":2,"href":"https:\/\/laurbedigital.com.ar\/noticias\/wp-json\/wp\/v2\/posts\/86888\/revisions"}],"predecessor-version":[{"id":86890,"href":"https:\/\/laurbedigital.com.ar\/noticias\/wp-json\/wp\/v2\/posts\/86888\/revisions\/86890"}],"wp:featuredmedia":[{"embeddable":true,"href":"https:\/\/laurbedigital.com.ar\/noticias\/wp-json\/wp\/v2\/media\/85326"}],"wp:attachment":[{"href":"https:\/\/laurbedigital.com.ar\/noticias\/wp-json\/wp\/v2\/media?parent=86888"}],"wp:term":[{"taxonomy":"category","embeddable":true,"href":"https:\/\/laurbedigital.com.ar\/noticias\/wp-json\/wp\/v2\/categories?post=86888"},{"taxonomy":"post_tag","embeddable":true,"href":"https:\/\/laurbedigital.com.ar\/noticias\/wp-json\/wp\/v2\/tags?post=86888"}],"curies":[{"name":"wp","href":"https:\/\/api.w.org\/{rel}","templated":true}]}}