{"id":86707,"date":"2022-12-30T00:19:40","date_gmt":"2022-12-30T03:19:40","guid":{"rendered":"https:\/\/laurbedigital.com.ar\/noticias\/?p=86707"},"modified":"2022-12-30T00:19:40","modified_gmt":"2022-12-30T03:19:40","slug":"los-asombrosos-numeros-y-records-en-la-carrera-de-pele","status":"publish","type":"post","link":"https:\/\/laurbedigital.com.ar\/noticias\/2022\/12\/30\/los-asombrosos-numeros-y-records-en-la-carrera-de-pele\/","title":{"rendered":"Los asombrosos n\u00fameros y r\u00e9cords en la carrera de Pel\u00e9"},"content":{"rendered":"<p>&nbsp;<\/p>\n<h6 class=\"noticia__entradilla\"><strong>Pel\u00e9 es el \u00fanico jugador que ha ganado tres Copas del mundo. \u2018O Rei\u2019 muri\u00f3 el jueves 29 de diciembre de 2022, a los 82 a\u00f1os, en un hospital de Sao Paulo donde era tratado por un c\u00e1ncer.<\/strong><\/h6>\n<p class=\"noticia__entradilla\">Los n\u00fameros en la carrera de Pel\u00e9 son asombrosos. Gan\u00f3 todo lo que quiso con el Santos de Brasil y el mundo lo recuerda como uno de los\u00a0<strong>mejores deportistas de la historia.<\/strong><\/p>\n<h4><strong>Esto fue todo lo que gan\u00f3<\/strong><\/h4>\n<ul>\n<li>Gan\u00f3 la Copa del Mundo con Brasil en\u00a0<strong>1958, 1962 y 1970<\/strong>, el \u00fanico jugador que ha levantado tres veces el trofeo.<\/li>\n<li>A los 17 a\u00f1os se convirti\u00f3 en el jugador\u00a0<strong>m\u00e1s joven en ganar el Mundial<\/strong>, un r\u00e9cord que a\u00fan est\u00e1 vigente.<\/li>\n<li>Marc\u00f3\u00a0<strong>757 goles en 812 partidos oficiales<\/strong>\u00a0con su club y su selecci\u00f3n, un r\u00e9cord que se mantuvo durante d\u00e9cadas hasta que el portugu\u00e9s Cristiano Ronaldo eclips\u00f3 su marca.<\/li>\n<li>La Confederaci\u00f3n Brasile\u00f1a de F\u00fatbol (CBF) y el Santos afirman que Pel\u00e9 marc\u00f3 un total de\u00a0<strong>1.283 goles en 1.367 partidos<\/strong>, mientras que la FIFA sit\u00faa la cifra en 1.281 goles en 1.366 encuentros. Otras fuentes dan cifras variables en funci\u00f3n del tipo de partidos que se consideren.<\/li>\n<li>Pel\u00e9 marc\u00f3 77 goles en 92 partidos oficiales con Brasil, lo que le convierte en el\u00a0<strong>m\u00e1ximo artillero de la historia del pa\u00eds junto a Neymar<\/strong>, quien igual\u00f3 su marca en el Mundial de Qatar.<\/li>\n<li>El exdelantero brasile\u00f1o\u00a0<strong>anot\u00f3 12 goles en Copas del Mundo<\/strong>\u00a0y dio seis asistencias en M\u00e9xico 1970, un r\u00e9cord en un Mundial.<\/li>\n<li>Marc\u00f3<strong>\u00a092 tripletes<\/strong>\u00a0en partidos oficiales y no oficiales.<\/li>\n<li>Anot\u00f3\u00a0<strong>127 goles con el Santos en 1959<\/strong>, lo que se considera el mayor n\u00famero de goles marcados por un jugador de club en un a\u00f1o corrido.<\/li>\n<li>Acab\u00f3 como m\u00e1ximo goleador del Santos con\u00a0<strong>643 goles en 659 partidos oficiales<\/strong>.<\/li>\n<li>Gan\u00f3 seis veces la Serie A brasile\u00f1a con el Santos\u00a0<strong>(1961-1965 y 1968).<\/strong><\/li>\n<li>Gan\u00f3 dos Copas Libertadores con el Santos\u00a0<strong>(1962 y 1963).<\/strong><\/li>\n<\/ul>\n<p>&nbsp;<\/p>\n","protected":false},"excerpt":{"rendered":"<p>&nbsp; Pel\u00e9 es el \u00fanico jugador que ha ganado tres Copas del mundo. \u2018O Rei\u2019 muri\u00f3 el jueves 29 de<\/p>\n","protected":false},"author":1,"featured_media":86708,"comment_status":"closed","ping_status":"closed","sticky":false,"template":"","format":"standard","meta":{"kia_subtitle":"","footnotes":"","jetpack_publicize_message":"Los asombrosos n\u00fameros y r\u00e9cords en la carrera de Pel\u00e9","jetpack_publicize_feature_enabled":true,"jetpack_social_post_already_shared":true,"jetpack_social_options":{"image_generator_settings":{"template":"highway","default_image_id":0,"font":"","enabled":false},"version":2}},"categories":[4,28],"tags":[],"class_list":["post-86707","post","type-post","status-publish","format-standard","has-post-thumbnail","hentry","category-deporte","category-futbol"],"jetpack_publicize_connections":[],"jetpack_featured_media_url":"https:\/\/laurbedigital.com.ar\/noticias\/wp-content\/uploads\/2022\/12\/20221230-Pele.jpg","_links":{"self":[{"href":"https:\/\/laurbedigital.com.ar\/noticias\/wp-json\/wp\/v2\/posts\/86707","targetHints":{"allow":["GET"]}}],"collection":[{"href":"https:\/\/laurbedigital.com.ar\/noticias\/wp-json\/wp\/v2\/posts"}],"about":[{"href":"https:\/\/laurbedigital.com.ar\/noticias\/wp-json\/wp\/v2\/types\/post"}],"author":[{"embeddable":true,"href":"https:\/\/laurbedigital.com.ar\/noticias\/wp-json\/wp\/v2\/users\/1"}],"replies":[{"embeddable":true,"href":"https:\/\/laurbedigital.com.ar\/noticias\/wp-json\/wp\/v2\/comments?post=86707"}],"version-history":[{"count":2,"href":"https:\/\/laurbedigital.com.ar\/noticias\/wp-json\/wp\/v2\/posts\/86707\/revisions"}],"predecessor-version":[{"id":86710,"href":"https:\/\/laurbedigital.com.ar\/noticias\/wp-json\/wp\/v2\/posts\/86707\/revisions\/86710"}],"wp:featuredmedia":[{"embeddable":true,"href":"https:\/\/laurbedigital.com.ar\/noticias\/wp-json\/wp\/v2\/media\/86708"}],"wp:attachment":[{"href":"https:\/\/laurbedigital.com.ar\/noticias\/wp-json\/wp\/v2\/media?parent=86707"}],"wp:term":[{"taxonomy":"category","embeddable":true,"href":"https:\/\/laurbedigital.com.ar\/noticias\/wp-json\/wp\/v2\/categories?post=86707"},{"taxonomy":"post_tag","embeddable":true,"href":"https:\/\/laurbedigital.com.ar\/noticias\/wp-json\/wp\/v2\/tags?post=86707"}],"curies":[{"name":"wp","href":"https:\/\/api.w.org\/{rel}","templated":true}]}}