{"id":86512,"date":"2022-12-25T00:02:33","date_gmt":"2022-12-25T03:02:33","guid":{"rendered":"https:\/\/laurbedigital.com.ar\/noticias\/?p=86512"},"modified":"2022-12-24T13:58:12","modified_gmt":"2022-12-24T16:58:12","slug":"navidad-por-que-se-celebra-este-25-de-diciembre","status":"publish","type":"post","link":"https:\/\/laurbedigital.com.ar\/noticias\/2022\/12\/25\/navidad-por-que-se-celebra-este-25-de-diciembre\/","title":{"rendered":"Navidad: por qu\u00e9 se celebra este 25 de diciembre"},"content":{"rendered":"<p>&nbsp;<\/p>\n<h6><strong>Este domingo llega una de las fechas m\u00e1s esperadas del a\u00f1o por grandes y chicos: la Navidad. Conoc\u00e9 por qu\u00e9 se celebra en este d\u00eda y cu\u00e1l es su origen, el cual se remonta a muchos a\u00f1os atr\u00e1s.<\/strong><\/h6>\n<p>En occidente <b>se recuerda el 25 de diciembre como el d\u00eda en el que naci\u00f3 de Jes\u00fas de Nazaret en Bel\u00e9n<\/b>. De hecho la palabra Navidad proviene del lat\u00edn \u00abnativitas\u00bb que significa nacimiento. Sin embargo, el d\u00eda exacto en el que Cristo lleg\u00f3 al mundo no se sabe con exactitud ya que no se especifica en la biblia.<\/p>\n<p>En tanto, afirman que se eligi\u00f3\u00a0<b>esa fecha remont\u00e1ndose a los tiempos romanos<\/b>\u00a0cuando cada 25 de diciembre terminaban las celebraciones de<b>\u00a0Saturno<\/b>, dios pagano de la agricultura, con la<b>\u00a0fiesta del Sol Invicto<\/b>\u00a0por lo que muchos dicen que la Iglesia Cat\u00f3lica la sustituy\u00f3 por el nacimiento de Jes\u00fas, a quienes consideran el verdadero sol.<\/p>\n<p>&nbsp;<\/p>\n","protected":false},"excerpt":{"rendered":"<p>&nbsp; Este domingo llega una de las fechas m\u00e1s esperadas del a\u00f1o por grandes y chicos: la Navidad. Conoc\u00e9 por<\/p>\n","protected":false},"author":1,"featured_media":86513,"comment_status":"closed","ping_status":"closed","sticky":false,"template":"","format":"standard","meta":{"kia_subtitle":"","footnotes":"","jetpack_publicize_message":"","jetpack_publicize_feature_enabled":true,"jetpack_social_post_already_shared":true,"jetpack_social_options":{"image_generator_settings":{"template":"highway","default_image_id":0,"font":"","enabled":false},"version":2}},"categories":[5,2594],"tags":[],"class_list":["post-86512","post","type-post","status-publish","format-standard","has-post-thumbnail","hentry","category-cultura","category-efemerides"],"jetpack_publicize_connections":[],"jetpack_featured_media_url":"https:\/\/laurbedigital.com.ar\/noticias\/wp-content\/uploads\/2022\/12\/20221225-papa-noel-navidad.jpg","_links":{"self":[{"href":"https:\/\/laurbedigital.com.ar\/noticias\/wp-json\/wp\/v2\/posts\/86512","targetHints":{"allow":["GET"]}}],"collection":[{"href":"https:\/\/laurbedigital.com.ar\/noticias\/wp-json\/wp\/v2\/posts"}],"about":[{"href":"https:\/\/laurbedigital.com.ar\/noticias\/wp-json\/wp\/v2\/types\/post"}],"author":[{"embeddable":true,"href":"https:\/\/laurbedigital.com.ar\/noticias\/wp-json\/wp\/v2\/users\/1"}],"replies":[{"embeddable":true,"href":"https:\/\/laurbedigital.com.ar\/noticias\/wp-json\/wp\/v2\/comments?post=86512"}],"version-history":[{"count":3,"href":"https:\/\/laurbedigital.com.ar\/noticias\/wp-json\/wp\/v2\/posts\/86512\/revisions"}],"predecessor-version":[{"id":86516,"href":"https:\/\/laurbedigital.com.ar\/noticias\/wp-json\/wp\/v2\/posts\/86512\/revisions\/86516"}],"wp:featuredmedia":[{"embeddable":true,"href":"https:\/\/laurbedigital.com.ar\/noticias\/wp-json\/wp\/v2\/media\/86513"}],"wp:attachment":[{"href":"https:\/\/laurbedigital.com.ar\/noticias\/wp-json\/wp\/v2\/media?parent=86512"}],"wp:term":[{"taxonomy":"category","embeddable":true,"href":"https:\/\/laurbedigital.com.ar\/noticias\/wp-json\/wp\/v2\/categories?post=86512"},{"taxonomy":"post_tag","embeddable":true,"href":"https:\/\/laurbedigital.com.ar\/noticias\/wp-json\/wp\/v2\/tags?post=86512"}],"curies":[{"name":"wp","href":"https:\/\/api.w.org\/{rel}","templated":true}]}}