{"id":86507,"date":"2022-12-24T12:37:52","date_gmt":"2022-12-24T15:37:52","guid":{"rendered":"https:\/\/laurbedigital.com.ar\/noticias\/?p=86507"},"modified":"2022-12-24T12:37:52","modified_gmt":"2022-12-24T15:37:52","slug":"efemerides-del-24-de-diciembre","status":"publish","type":"post","link":"https:\/\/laurbedigital.com.ar\/noticias\/2022\/12\/24\/efemerides-del-24-de-diciembre\/","title":{"rendered":"Efem\u00e9rides del 24 de diciembre"},"content":{"rendered":"<h6><\/h6>\n<h6><strong>En las\u00a0efem\u00e9rides del 24 de diciembre\u00a0sobresalen estos hechos que ocurrieron un d\u00eda como hoy en la Argentina y el mundo.<\/strong><\/h6>\n<p><strong>1889\u00a0<\/strong>&#8211; ROSARIO CENTRAL. Un grupo de trabajadores ingleses del Ferrocarril Central Argentino funda en un bar de la ciudad de Rosario el Central Argentine Railway Athletic Club, que ten\u00eda al cricket como actividad principal y pasar\u00eda a llamarse Rosario Central, el primer club argentino en desarrollar la pr\u00e1ctica del f\u00fatbol.<\/p>\n<p><strong>1914\u00a0<\/strong>&#8211; TREGUA DE NAVIDAD. En el frente occidental de la Primera Guerra Mundial, las tropas alemanas y brit\u00e1nicas pactan extraoficialmente una serie de ceses del fuego que frenan el cruento conflicto con motivo de las fiestas navide\u00f1as.<\/p>\n<p><strong>1922\u00a0<\/strong>&#8211; AVA GARDNER. Nace en el poblado de Brogden (Carolina del Norte, EEUU) la actriz estadounidense Ava Gardner, considerada una de las grandes estrellas cinematogr\u00e1ficas del siglo XX.<\/p>\n<p><strong>1945\u00a0<\/strong>&#8211; LEMMY KILMISTER.Nace en el pueblo ingl\u00e9s de Burslem el bajista y compositor Lemmy Kilmister (Ian Fraser Kilmister), l\u00edder, vocalista y bajista de la banda brit\u00e1nica de rock Mot\u00f6rhead, a la que fund\u00f3 en Londres en 1975.<\/p>\n<p><strong>1954\u00a0<\/strong>&#8211; GEORGINA BARBAROSSA. Nace en Buenos Aires la actriz, cantante y conductora de televisi\u00f3n Georgina Barbarossa, ganadora de tres premios Mart\u00edn Fierro y un Konex.<br \/>\nTrabaj\u00f3 en 36 ciclos televisivos y en siete pel\u00edculas.<\/p>\n<p><strong>1963\u00a0<\/strong>&#8211; THE BEATLES. Se celebra la primera jornada del show navide\u00f1o de la banda brit\u00e1nica de pop rock The Beatles en el Finsbury Park Astoria de Londres, donde actu\u00f3 junto a los cantantes Billy J. Kramer y Rolf Harris y el grupo beat The Fourmost.<\/p>\n<p><strong>1965\u00a0<\/strong>&#8211; ROSARIO BLEFARI. Nace en la ciudad bonaerense de Mar del Plata la actriz, escritora y cantante Rosario Bl\u00e9fari, considerada un emblema del rock independiente desde la d\u00e9cada de 1990, cuando lideraba la banda de rock alternativo y pop experimental Su\u00e1rez.<\/p>\n<p><strong>1971\u00a0<\/strong>&#8211; RICKY MARTIN. Nace en la ciudad de San Juan de Puerto Rico el cantante y actor portorrique\u00f1o nacionalizado espa\u00f1ol Ricky Martin (Enrique Mart\u00edn Morales), quien lleva ganados dos premios Grammy y cinco Grammy latino, entre otros galardones. Vendi\u00f3 m\u00e1s de 60 millones de discos.<\/p>\n<p><strong>2002\u00a0<\/strong>&#8211; TITA MERELLO. A los 98 a\u00f1os muere en Buenos Aires la actriz y cantante de tango y milonga Tita Merello (Laura Ana Merello), una de las grandes figuras de la cultura popular argentina. Actu\u00f3 en Tango!, el primer filme sonoro nacional y fue estrella del cine argentino de la d\u00e9cada de 1950.<\/p>\n<p><strong>2018\u00a0<\/strong>&#8211; JAIME TORRES. A los 80 a\u00f1os muere en Buenos Aires el m\u00fasico tucumano Jaime Torres, uno de los m\u00e1s destacados en el mundo por su talento y destreza con el charango. Grab\u00f3 una docena de discos y compuso la m\u00fasica de la pel\u00edcula La deuda interna (1988),<\/p>\n<p><strong>2018\u00a0<\/strong>&#8211; OSVALDO BAYER. Muere en la ciudad de Buenos Aires, a la edad de 91 a\u00f1os, el historiador, escritor y periodista santafesino Osvaldo Jorge Bayer, autor de la novela hist\u00f3rica \u201cLa Patagonia rebelde\u201d, que fue llevada al cine en 1974 con gui\u00f3n suyo. Fue declarado Ciudadano Ilustre de la ciudad de Buenos Aires.<\/p>\n","protected":false},"excerpt":{"rendered":"<p>En las\u00a0efem\u00e9rides del 24 de diciembre\u00a0sobresalen estos hechos que ocurrieron un d\u00eda como hoy en la Argentina y el mundo.<\/p>\n","protected":false},"author":1,"featured_media":86508,"comment_status":"closed","ping_status":"closed","sticky":false,"template":"","format":"standard","meta":{"kia_subtitle":"","footnotes":"","jetpack_publicize_message":"","jetpack_publicize_feature_enabled":true,"jetpack_social_post_already_shared":true,"jetpack_social_options":{"image_generator_settings":{"template":"highway","default_image_id":0,"font":"","enabled":false},"version":2}},"categories":[5,2594],"tags":[],"class_list":["post-86507","post","type-post","status-publish","format-standard","has-post-thumbnail","hentry","category-cultura","category-efemerides"],"jetpack_publicize_connections":[],"jetpack_featured_media_url":"https:\/\/laurbedigital.com.ar\/noticias\/wp-content\/uploads\/2022\/12\/20221224-osvaldo-bayer.jpg","_links":{"self":[{"href":"https:\/\/laurbedigital.com.ar\/noticias\/wp-json\/wp\/v2\/posts\/86507","targetHints":{"allow":["GET"]}}],"collection":[{"href":"https:\/\/laurbedigital.com.ar\/noticias\/wp-json\/wp\/v2\/posts"}],"about":[{"href":"https:\/\/laurbedigital.com.ar\/noticias\/wp-json\/wp\/v2\/types\/post"}],"author":[{"embeddable":true,"href":"https:\/\/laurbedigital.com.ar\/noticias\/wp-json\/wp\/v2\/users\/1"}],"replies":[{"embeddable":true,"href":"https:\/\/laurbedigital.com.ar\/noticias\/wp-json\/wp\/v2\/comments?post=86507"}],"version-history":[{"count":3,"href":"https:\/\/laurbedigital.com.ar\/noticias\/wp-json\/wp\/v2\/posts\/86507\/revisions"}],"predecessor-version":[{"id":86511,"href":"https:\/\/laurbedigital.com.ar\/noticias\/wp-json\/wp\/v2\/posts\/86507\/revisions\/86511"}],"wp:featuredmedia":[{"embeddable":true,"href":"https:\/\/laurbedigital.com.ar\/noticias\/wp-json\/wp\/v2\/media\/86508"}],"wp:attachment":[{"href":"https:\/\/laurbedigital.com.ar\/noticias\/wp-json\/wp\/v2\/media?parent=86507"}],"wp:term":[{"taxonomy":"category","embeddable":true,"href":"https:\/\/laurbedigital.com.ar\/noticias\/wp-json\/wp\/v2\/categories?post=86507"},{"taxonomy":"post_tag","embeddable":true,"href":"https:\/\/laurbedigital.com.ar\/noticias\/wp-json\/wp\/v2\/tags?post=86507"}],"curies":[{"name":"wp","href":"https:\/\/api.w.org\/{rel}","templated":true}]}}