{"id":8637,"date":"2017-09-26T10:50:02","date_gmt":"2017-09-26T13:50:02","guid":{"rendered":"http:\/\/laurbedigital.com.ar\/noticias\/?p=8637"},"modified":"2017-09-26T10:50:02","modified_gmt":"2017-09-26T13:50:02","slug":"miles-de-vecinos-disfrutaron-de-los-festivales-para-la-juventud-y-la-familia-en-burzaco","status":"publish","type":"post","link":"https:\/\/laurbedigital.com.ar\/noticias\/2017\/09\/26\/miles-de-vecinos-disfrutaron-de-los-festivales-para-la-juventud-y-la-familia-en-burzaco\/","title":{"rendered":"Miles de vecinos disfrutaron de los festivales para la juventud y la familia en Burzaco"},"content":{"rendered":"<p>Con un importante marco de p\u00fablico, que incluy\u00f3 a familias enteras con sus peque\u00f1os, se desarrollaron en Burzaco los festivales para la Juventud y la Familia, con entrada libre y gratuita, en sinton\u00eda con la llegada de la primavera.<\/p>\n<p>El intendente Mariano Cascallares junto a parte de su equipo recorri\u00f3 ambos eventos y aprovech\u00f3 para dialogar con los vecinos sobre sus inquietudes y propuestas para Burzaco y el resto del distrito.<\/p>\n<p>El s\u00e1bado se llev\u00f3 a cabo el Festival de la Juventud con bandas locales como Guara, Black Mar\u00eda, Cronorock y Philip de Mar\u00eda, que present\u00f3 su nuevo CD auspiciado por el Municipio a trav\u00e9s de su productora de audio y video. El cierre estuvo a cargo del reconocido grupo de cumbia La Delio Valdez. El evento cont\u00f3 con propuestas gastron\u00f3micas ofrecidas por los ya cl\u00e1sicos\u00a0Foodtrucks de Almirante Brown.<\/p>\n<p>Mientras tanto, el domingo 24 desde el mediod\u00eda se desarrollar\u00f3 el\u00a0festival dedicado a las familias, con shows infantiles y presencia de los Foodtrucks de Almirante Brown. En la ocasi\u00f3n se presentaron desde las 15 los \u201cTitirifeos\u201d, el grupo de m\u00fasica infantil Berrinche y el payaso Plim Plim para disfrute de los m\u00e1s peque\u00f1os.<\/p>\n<p>&nbsp;<\/p>\n<p>Aniversario de Alte Brown<\/p>\n<p>En tanto, el Municipio que conduce Mariano Cascallares invit\u00f3 a todos los vecinos del distrito a participar el pr\u00f3ximo s\u00e1bado 30 de septiembre de las celebraciones por el aniversario de Almirante Brown.<\/p>\n<p>Las actividades comenzar\u00e1n desde las 10 horas en la Plaza Brown de Adrogu\u00e9 con una Ceremonia Oficial y proseguir\u00e1 desde las 19hs con un festival art\u00edstico que incluir\u00e1 la presentaci\u00f3n de La Bersuit Vergarabat. La actividad se suspende por lluvia.<\/p>\n","protected":false},"excerpt":{"rendered":"<p>Con un importante marco de p\u00fablico, que incluy\u00f3 a familias enteras con sus peque\u00f1os, se desarrollaron en Burzaco los festivales<\/p>\n","protected":false},"author":1,"featured_media":8638,"comment_status":"closed","ping_status":"closed","sticky":false,"template":"","format":"standard","meta":{"kia_subtitle":"","footnotes":"","jetpack_publicize_message":"","jetpack_publicize_feature_enabled":true,"jetpack_social_post_already_shared":true,"jetpack_social_options":{"image_generator_settings":{"template":"highway","default_image_id":0,"font":"","enabled":false},"version":2}},"categories":[33,2],"tags":[],"class_list":["post-8637","post","type-post","status-publish","format-standard","has-post-thumbnail","hentry","category-alte-brown-alte-brown","category-alte-brown"],"jetpack_publicize_connections":[],"jetpack_featured_media_url":"https:\/\/laurbedigital.com.ar\/noticias\/wp-content\/uploads\/2017\/09\/20170925-brown.jpg","_links":{"self":[{"href":"https:\/\/laurbedigital.com.ar\/noticias\/wp-json\/wp\/v2\/posts\/8637","targetHints":{"allow":["GET"]}}],"collection":[{"href":"https:\/\/laurbedigital.com.ar\/noticias\/wp-json\/wp\/v2\/posts"}],"about":[{"href":"https:\/\/laurbedigital.com.ar\/noticias\/wp-json\/wp\/v2\/types\/post"}],"author":[{"embeddable":true,"href":"https:\/\/laurbedigital.com.ar\/noticias\/wp-json\/wp\/v2\/users\/1"}],"replies":[{"embeddable":true,"href":"https:\/\/laurbedigital.com.ar\/noticias\/wp-json\/wp\/v2\/comments?post=8637"}],"version-history":[{"count":1,"href":"https:\/\/laurbedigital.com.ar\/noticias\/wp-json\/wp\/v2\/posts\/8637\/revisions"}],"predecessor-version":[{"id":8639,"href":"https:\/\/laurbedigital.com.ar\/noticias\/wp-json\/wp\/v2\/posts\/8637\/revisions\/8639"}],"wp:featuredmedia":[{"embeddable":true,"href":"https:\/\/laurbedigital.com.ar\/noticias\/wp-json\/wp\/v2\/media\/8638"}],"wp:attachment":[{"href":"https:\/\/laurbedigital.com.ar\/noticias\/wp-json\/wp\/v2\/media?parent=8637"}],"wp:term":[{"taxonomy":"category","embeddable":true,"href":"https:\/\/laurbedigital.com.ar\/noticias\/wp-json\/wp\/v2\/categories?post=8637"},{"taxonomy":"post_tag","embeddable":true,"href":"https:\/\/laurbedigital.com.ar\/noticias\/wp-json\/wp\/v2\/tags?post=8637"}],"curies":[{"name":"wp","href":"https:\/\/api.w.org\/{rel}","templated":true}]}}