{"id":862,"date":"2016-02-03T12:21:38","date_gmt":"2016-02-03T15:21:38","guid":{"rendered":"http:\/\/laurbedigital.com.ar\/noticias\/?p=862"},"modified":"2016-02-03T12:21:38","modified_gmt":"2016-02-03T15:21:38","slug":"la-cgt-analiza-sumarse-al-paro-de-la-cta-contra-los-despidos","status":"publish","type":"post","link":"https:\/\/laurbedigital.com.ar\/noticias\/2016\/02\/03\/la-cgt-analiza-sumarse-al-paro-de-la-cta-contra-los-despidos\/","title":{"rendered":"La CGT analiza sumarse al paro de la CTA contra los despidos"},"content":{"rendered":"<p>\u00abAcompa\u00f1ar\u00edamos si hay paro nacional en reclamo por los despidos\u00bb, dijo el l\u00edder de los Canillitas, Omar Plaini. Afirm\u00f3 que el reclamo en paritarias est\u00e1 \u00abmuy lejos\u00bb del techo propuesto por el Gobierno.<\/p>\n<p>Omar Plaini, asegur\u00f3 que si la CTA que conduce Hugo Yasky convoca a un paro nacional contra los despidos, su gremio (que integra la CGT), podr\u00eda sumarse. Adem\u00e1s, asegur\u00f3 que el reclamo de los trabajadores en las paritarias est\u00e1 \u00abmuy lejos\u00bb del techo propuesto por el gobierno de Mauricio Macri.<\/p>\n<p>\u00abPor supuesto que acompa\u00f1ar\u00edamos si hay paro nacional en reclamo por los despidos\u00bb, adelant\u00f3 Plaini en di\u00e1logo con el programa Ahora es Cuando de FM Blue.<\/p>\n<p>Consultado sobre el \u00abtecho\u00bb de aumento que propuso el ministro de Trabajo, Jorge Triaca, Plaini se\u00f1al\u00f3: \u00abTodos coincidimos en que la aspiraci\u00f3n del Gobierno dista mucho con la realidad\u00bb.<\/p>\n<p>En ese sentido, le pidi\u00f3 a Triaca que especifique en qu\u00e9 se basa para hacer ese c\u00e1lculo: \u00abEstamos muy lejos de esas cifras. Me gustar\u00eda saber que datos concretos tiene para hablar del 25%\u00bb.<\/p>\n","protected":false},"excerpt":{"rendered":"<p>\u00abAcompa\u00f1ar\u00edamos si hay paro nacional en reclamo por los despidos\u00bb, dijo el l\u00edder de los Canillitas, Omar Plaini. Afirm\u00f3 que<\/p>\n","protected":false},"author":1,"featured_media":863,"comment_status":"closed","ping_status":"closed","sticky":false,"template":"","format":"standard","meta":{"kia_subtitle":"","footnotes":"","jetpack_publicize_message":"","jetpack_publicize_feature_enabled":true,"jetpack_social_post_already_shared":false,"jetpack_social_options":{"image_generator_settings":{"template":"highway","default_image_id":0,"font":"","enabled":false},"version":2}},"categories":[3,39],"tags":[],"class_list":["post-862","post","type-post","status-publish","format-standard","has-post-thumbnail","hentry","category-actualidad","category-gremios"],"jetpack_publicize_connections":[],"jetpack_featured_media_url":"https:\/\/laurbedigital.com.ar\/noticias\/wp-content\/uploads\/2016\/02\/20160203-cgt.jpg","_links":{"self":[{"href":"https:\/\/laurbedigital.com.ar\/noticias\/wp-json\/wp\/v2\/posts\/862","targetHints":{"allow":["GET"]}}],"collection":[{"href":"https:\/\/laurbedigital.com.ar\/noticias\/wp-json\/wp\/v2\/posts"}],"about":[{"href":"https:\/\/laurbedigital.com.ar\/noticias\/wp-json\/wp\/v2\/types\/post"}],"author":[{"embeddable":true,"href":"https:\/\/laurbedigital.com.ar\/noticias\/wp-json\/wp\/v2\/users\/1"}],"replies":[{"embeddable":true,"href":"https:\/\/laurbedigital.com.ar\/noticias\/wp-json\/wp\/v2\/comments?post=862"}],"version-history":[{"count":1,"href":"https:\/\/laurbedigital.com.ar\/noticias\/wp-json\/wp\/v2\/posts\/862\/revisions"}],"predecessor-version":[{"id":864,"href":"https:\/\/laurbedigital.com.ar\/noticias\/wp-json\/wp\/v2\/posts\/862\/revisions\/864"}],"wp:featuredmedia":[{"embeddable":true,"href":"https:\/\/laurbedigital.com.ar\/noticias\/wp-json\/wp\/v2\/media\/863"}],"wp:attachment":[{"href":"https:\/\/laurbedigital.com.ar\/noticias\/wp-json\/wp\/v2\/media?parent=862"}],"wp:term":[{"taxonomy":"category","embeddable":true,"href":"https:\/\/laurbedigital.com.ar\/noticias\/wp-json\/wp\/v2\/categories?post=862"},{"taxonomy":"post_tag","embeddable":true,"href":"https:\/\/laurbedigital.com.ar\/noticias\/wp-json\/wp\/v2\/tags?post=862"}],"curies":[{"name":"wp","href":"https:\/\/api.w.org\/{rel}","templated":true}]}}