{"id":86113,"date":"2022-12-13T11:05:26","date_gmt":"2022-12-13T14:05:26","guid":{"rendered":"https:\/\/laurbedigital.com.ar\/noticias\/?p=86113"},"modified":"2022-12-12T23:19:14","modified_gmt":"2022-12-13T02:19:14","slug":"por-los-reiterados-cortes-de-luz-exigen-que-se-le-quite-la-concesion-a-edesur","status":"publish","type":"post","link":"https:\/\/laurbedigital.com.ar\/noticias\/2022\/12\/13\/por-los-reiterados-cortes-de-luz-exigen-que-se-le-quite-la-concesion-a-edesur\/","title":{"rendered":"Por los reiterados cortes de luz, exigen que se le quite la concesi\u00f3n a EDESUR"},"content":{"rendered":"<p>&nbsp;<\/p>\n<h6><strong>El defensor del Pueblo, Guido Lorenzino, formaliz\u00f3 el reclamo despu\u00e9s de que 400 mil usuarios resultaran afectados el \u00faltimo fin de semana.<\/strong><\/h6>\n<p>Luego de los reiterados cortes de luz que sufrieron m\u00e1s de 400 mil usuarios el fin de semana pasado, que afectaron a ni\u00f1os, ni\u00f1as, personas mayores y electrodependientes, la Defensor\u00eda del Pueblo de la provincia de Buenos Aires volvi\u00f3 a pedir que EDESUR deje la concesi\u00f3n del servicio el\u00e9ctrico.<\/p>\n<blockquote class=\"twitter-tweet\">\n<p dir=\"ltr\" lang=\"es\">&#x1f4a1; La Defensor\u00eda del Pueblo solicit\u00f3 que EDESUR deje ya la concesi\u00f3n.<\/p>\n<p>&#x26a1;&#xfe0f; Luego de los reiterados cortes de luz que sufrieron m\u00e1s de 400 mil usuarios y usuarias el fin de semana pasado.<\/p>\n<p>+ info ac\u00e1 &#x1f447;<a href=\"https:\/\/t.co\/d5cb5rp1Po\">https:\/\/t.co\/d5cb5rp1Po<\/a> <a href=\"https:\/\/t.co\/bMMlB7t8T3\">pic.twitter.com\/bMMlB7t8T3<\/a><\/p>\n<p>\u2014 Defensor\u00eda del Pueblo PBA (@defensoriaPBA) <a href=\"https:\/\/twitter.com\/defensoriaPBA\/status\/1602337242156269568?ref_src=twsrc%5Etfw\" target=\"_blank\" rel=\"noopener\">December 12, 2022<\/a><\/p><\/blockquote>\n<p><script async src=\"https:\/\/platform.twitter.com\/widgets.js\" charset=\"utf-8\"><\/script><\/p>\n<p>\u201cVamos a pedir al Ente Nacional de Regulaci\u00f3n de la Electricidad (ENRE) y a la secretar\u00eda de Energ\u00eda, que ante la manifestaci\u00f3n p\u00fablica de EDESUR de desprenderse del servicio el\u00e9ctrico de su concesi\u00f3n, sea el Estado el que se haga cargo moment\u00e1neamente de la situaci\u00f3n\u201d, expres\u00f3 el defensor del Pueblo,<strong>\u00a0Guido Lorenzino<\/strong>.<\/p>\n<p>Adem\u00e1s, Lorenzino asegur\u00f3 que \u201cno se puede esperar un a\u00f1o a una empresa que ya anunci\u00f3 que va a dejar el servicio el\u00e9ctrico, con un contrato por 65 a\u00f1os m\u00e1s\u201d, y pidi\u00f3 que \u201cel Estado se haga cargo hasta tanto se resuelva la cuesti\u00f3n de la recisi\u00f3n\u201d.<\/p>\n<p>El Defensor record\u00f3 que esta situaci\u00f3n vivida el \u00faltimo fin de semana \u00abse reitera todos los a\u00f1os cada vez que hay elevadas temperaturas y la empresa no logra dar respuesta ni soluci\u00f3n\u201d.<\/p>\n<p>\u201cHace tiempo que venimos pidiendo que EDESUR deje la concesi\u00f3n, no solo por la falta de voluntad sino por el desinter\u00e9s que ha mostrado, ahora expl\u00edcitamente, sabiendo que eso perjudica a millones de usuarios y usuarias. Es una irresponsabilidad total por la falta de atenci\u00f3n, la desprotecci\u00f3n y desamparo de las personas\u201d.<\/p>\n<p>\u201cPedimos al Estado que se haga cargo a la brevedad y que sigan las cuestiones administrativas y legales por otro carril, pero que no sea la propia gente la que tenga que pagar la desidia de EDESUR\u201d, concluy\u00f3 el Lorenzino.<strong>AND<\/strong><\/p>\n","protected":false},"excerpt":{"rendered":"<p>&nbsp; El defensor del Pueblo, Guido Lorenzino, formaliz\u00f3 el reclamo despu\u00e9s de que 400 mil usuarios resultaran afectados el \u00faltimo<\/p>\n","protected":false},"author":1,"featured_media":86114,"comment_status":"closed","ping_status":"closed","sticky":false,"template":"","format":"standard","meta":{"kia_subtitle":"","footnotes":"","jetpack_publicize_message":"Por los reiterados cortes de luz, exigen que se le quite la concesi\u00f3n a EDESUR","jetpack_publicize_feature_enabled":true,"jetpack_social_post_already_shared":true,"jetpack_social_options":{"image_generator_settings":{"template":"highway","default_image_id":0,"font":"","enabled":false},"version":2}},"categories":[3,56],"tags":[],"class_list":["post-86113","post","type-post","status-publish","format-standard","has-post-thumbnail","hentry","category-actualidad","category-buenos-aires"],"jetpack_publicize_connections":[],"jetpack_featured_media_url":"https:\/\/laurbedigital.com.ar\/noticias\/wp-content\/uploads\/2022\/12\/20221213-Edesur.jpg","_links":{"self":[{"href":"https:\/\/laurbedigital.com.ar\/noticias\/wp-json\/wp\/v2\/posts\/86113","targetHints":{"allow":["GET"]}}],"collection":[{"href":"https:\/\/laurbedigital.com.ar\/noticias\/wp-json\/wp\/v2\/posts"}],"about":[{"href":"https:\/\/laurbedigital.com.ar\/noticias\/wp-json\/wp\/v2\/types\/post"}],"author":[{"embeddable":true,"href":"https:\/\/laurbedigital.com.ar\/noticias\/wp-json\/wp\/v2\/users\/1"}],"replies":[{"embeddable":true,"href":"https:\/\/laurbedigital.com.ar\/noticias\/wp-json\/wp\/v2\/comments?post=86113"}],"version-history":[{"count":2,"href":"https:\/\/laurbedigital.com.ar\/noticias\/wp-json\/wp\/v2\/posts\/86113\/revisions"}],"predecessor-version":[{"id":86116,"href":"https:\/\/laurbedigital.com.ar\/noticias\/wp-json\/wp\/v2\/posts\/86113\/revisions\/86116"}],"wp:featuredmedia":[{"embeddable":true,"href":"https:\/\/laurbedigital.com.ar\/noticias\/wp-json\/wp\/v2\/media\/86114"}],"wp:attachment":[{"href":"https:\/\/laurbedigital.com.ar\/noticias\/wp-json\/wp\/v2\/media?parent=86113"}],"wp:term":[{"taxonomy":"category","embeddable":true,"href":"https:\/\/laurbedigital.com.ar\/noticias\/wp-json\/wp\/v2\/categories?post=86113"},{"taxonomy":"post_tag","embeddable":true,"href":"https:\/\/laurbedigital.com.ar\/noticias\/wp-json\/wp\/v2\/tags?post=86113"}],"curies":[{"name":"wp","href":"https:\/\/api.w.org\/{rel}","templated":true}]}}