{"id":86106,"date":"2022-12-13T09:02:56","date_gmt":"2022-12-13T12:02:56","guid":{"rendered":"https:\/\/laurbedigital.com.ar\/noticias\/?p=86106"},"modified":"2022-12-12T22:47:08","modified_gmt":"2022-12-13T01:47:08","slug":"el-gobierno-puso-en-marcha-el-plan-ahora-10-para-la-compra-de-celulares","status":"publish","type":"post","link":"https:\/\/laurbedigital.com.ar\/noticias\/2022\/12\/13\/el-gobierno-puso-en-marcha-el-plan-ahora-10-para-la-compra-de-celulares\/","title":{"rendered":"El Gobierno puso en marcha el Plan Ahora 10 para la compra de celulares"},"content":{"rendered":"<p>&nbsp;<\/p>\n<h6><strong>\u00abEs muy importante alcanzar el objetivo de lograr vender un mill\u00f3n de celulares por mes\u00bb, dijo el ministro de Econom\u00eda, Sergio Massa, en una reuni\u00f3n en la que firm\u00f3 el acuerdo con el secretario de Comercio, Mat\u00edas Tombolini.<\/strong><\/h6>\n<p>El acuerdo firmado por el ministro Sergio Massa con las empresas del sector impulsa la venta de 70 modelos de tel\u00e9fonos hasta el 15 de marzo con una tasa preferencial del 48%.<\/p>\n<p><strong>El ministro de Econom\u00eda, Sergio Massa, anunci\u00f3 este lunes la puesta en marcha del Plan Ahora 10 a tasa subsidiada del 48% para la adquisici\u00f3n de celulares, en un acuerdo con el sector que establece precios m\u00e1ximos por 90 d\u00edas.<\/strong><\/p>\n<p>El ministro sostuvo que \u00abes muy importante establecer un criterio de precios m\u00e1ximos hasta el quince de marzo\u00bb, de modo de \u00abdarle certidumbre a la gente cuando va a realizar una compra\u00bb, y remarc\u00f3 que \u00abentendemos que lograr orden fiscal, super\u00e1vit en nuestra balanza comercial y acumulaci\u00f3n de reservas tiene que venir acompa\u00f1ado de una econom\u00eda que no frene consumo\u00bb.<\/p>\n<p>El funcionario detall\u00f3 que<strong>\u00a0el programa incluye \u00ab70 modelos de tel\u00e9fonos de distinto tipo y de casi todas las marcas, que dan la posibilidad de elegir productos que van de 40 a 150 mil pesos y pagarlos de manera m\u00e1s c\u00f3moda\u00bb<\/strong>.<\/p>\n<p>Por otra parte, consider\u00f3 que establecer precios hasta el 15 de marzo \u00abnos ayuda a seguir construyendo un sendero de reducci\u00f3n de la inflaci\u00f3n\u00bb.<\/p>\n<p>\u00abLa disminuci\u00f3n de la expectativa inflacionaria se construye sobre la base de poder ir dando no solamente medidas desde el punto de vista macroecon\u00f3mico que sumen a ese objetivo, sino tambi\u00e9n desde el punto de vista de la generaci\u00f3n de expectativas, decisiones de todos los actores que nos ayuden a llevar adelante este objetivo\u00bb, concluy\u00f3.<\/p>\n","protected":false},"excerpt":{"rendered":"<p>&nbsp; \u00abEs muy importante alcanzar el objetivo de lograr vender un mill\u00f3n de celulares por mes\u00bb, dijo el ministro de<\/p>\n","protected":false},"author":1,"featured_media":73358,"comment_status":"closed","ping_status":"closed","sticky":false,"template":"","format":"standard","meta":{"kia_subtitle":"","footnotes":"","jetpack_publicize_message":"El Gobierno puso en marcha el Plan Ahora 10 para la compra de celulares","jetpack_publicize_feature_enabled":true,"jetpack_social_post_already_shared":true,"jetpack_social_options":{"image_generator_settings":{"template":"highway","default_image_id":0,"font":"","enabled":false},"version":2}},"categories":[3,41],"tags":[],"class_list":["post-86106","post","type-post","status-publish","format-standard","has-post-thumbnail","hentry","category-actualidad","category-nacionales"],"jetpack_publicize_connections":[],"jetpack_featured_media_url":"https:\/\/laurbedigital.com.ar\/noticias\/wp-content\/uploads\/2022\/03\/20220330-Celulares.jpg","_links":{"self":[{"href":"https:\/\/laurbedigital.com.ar\/noticias\/wp-json\/wp\/v2\/posts\/86106","targetHints":{"allow":["GET"]}}],"collection":[{"href":"https:\/\/laurbedigital.com.ar\/noticias\/wp-json\/wp\/v2\/posts"}],"about":[{"href":"https:\/\/laurbedigital.com.ar\/noticias\/wp-json\/wp\/v2\/types\/post"}],"author":[{"embeddable":true,"href":"https:\/\/laurbedigital.com.ar\/noticias\/wp-json\/wp\/v2\/users\/1"}],"replies":[{"embeddable":true,"href":"https:\/\/laurbedigital.com.ar\/noticias\/wp-json\/wp\/v2\/comments?post=86106"}],"version-history":[{"count":2,"href":"https:\/\/laurbedigital.com.ar\/noticias\/wp-json\/wp\/v2\/posts\/86106\/revisions"}],"predecessor-version":[{"id":86108,"href":"https:\/\/laurbedigital.com.ar\/noticias\/wp-json\/wp\/v2\/posts\/86106\/revisions\/86108"}],"wp:featuredmedia":[{"embeddable":true,"href":"https:\/\/laurbedigital.com.ar\/noticias\/wp-json\/wp\/v2\/media\/73358"}],"wp:attachment":[{"href":"https:\/\/laurbedigital.com.ar\/noticias\/wp-json\/wp\/v2\/media?parent=86106"}],"wp:term":[{"taxonomy":"category","embeddable":true,"href":"https:\/\/laurbedigital.com.ar\/noticias\/wp-json\/wp\/v2\/categories?post=86106"},{"taxonomy":"post_tag","embeddable":true,"href":"https:\/\/laurbedigital.com.ar\/noticias\/wp-json\/wp\/v2\/tags?post=86106"}],"curies":[{"name":"wp","href":"https:\/\/api.w.org\/{rel}","templated":true}]}}