{"id":86032,"date":"2022-12-10T23:28:21","date_gmt":"2022-12-11T02:28:21","guid":{"rendered":"https:\/\/laurbedigital.com.ar\/noticias\/?p=86032"},"modified":"2022-12-10T23:28:21","modified_gmt":"2022-12-11T02:28:21","slug":"la-madre-de-fernando-baez-sosa-reclamara-justicia-frente-al-congreso","status":"publish","type":"post","link":"https:\/\/laurbedigital.com.ar\/noticias\/2022\/12\/10\/la-madre-de-fernando-baez-sosa-reclamara-justicia-frente-al-congreso\/","title":{"rendered":"La madre de Fernando B\u00e1ez Sosa reclamar\u00e1 justicia frente al Congreso"},"content":{"rendered":"<p>&nbsp;<\/p>\n<h6><strong>Graciela Sosa llam\u00f3 a un acto el 20 de diciembre para pedir la pena de cadena perpetua para los ocho rugbiers que el 2 de enero comenzar\u00e1n a ser juzgados por el crimen del joven en Villa Gesell.<\/strong><\/h6>\n<p><strong>La mam\u00e1 de Fernando B\u00e1ez Sosa, el joven asesinado a golpes en enero de 2020 en la ciudad balnearia de Villa Gesell, convoc\u00f3 para el pr\u00f3ximo 20 de diciembre a una \u00absentada\u00bb frente al Congreso de la Naci\u00f3n<\/strong>\u00a0para pedir justicia, en lo que ser\u00e1 un acto a pocos d\u00edas del inicio del juicio oral en el que ocho rugbiers ser\u00e1n juzgados por el crimen.<\/p>\n<p>La convocatoria fue realizada por\u00a0<strong>la mam\u00e1 de la v\u00edctima, Graciela Sosa,\u00a0<\/strong>a trav\u00e9s de un video que difundi\u00f3 a la prensa y por redes sociales.<\/p>\n<p>\u00abSoy la mam\u00e1 de Fernando Jos\u00e9 B\u00e1ez Sosa, asesinado el 18 de enero de 2020 en Villa Gesell.\u00a0<strong>Les pedimos que nos sigan acompa\u00f1ando como hicieron siempre.<\/strong>\u00a0El martes 20 de diciembre haremos una sentada a las 18 horas en la Plaza Congreso para recordar a Fernando y seguir pidiendo Justicia\u00bb, anunci\u00f3 Graciela.<\/p>\n<p>Al referirse a la pena que espera para los imputados por el homicidio de su hijo, la mujer dijo\u00a0<strong>\u00abla \u00fanica que vale es perpetua\u00bb\u00a0<\/strong>y agreg\u00f3: \u00abNo nos olvidamos lo que le hicieron a Fernando\u00bb.<\/p>\n<p><strong>\u00abGracias de todo coraz\u00f3n por estos tres a\u00f1os junto a nosotros<\/strong>, Justicia por Fernando\u00bb, pidi\u00f3 Graciela en el final del video.<\/p>\n<p>Los ocho acusados que est\u00e1n presos a la espera del debate oral son\u00a0<strong>Luciano, Ciro y Lucas Pertossi, Ayrton Viollaz, M\u00e1ximo Thomsen, Enzo Comelli, Mat\u00edas Benicelli y Blas Cinalli.<\/strong><\/p>\n<h4>La imputaci\u00f3n<\/h4>\n<p><strong>Los ocho rugbiers est\u00e1n imputados del delito de \u00abhomicidio agravado por alevos\u00eda y por el concurso premeditado de dos o m\u00e1s personas\u00bb,<\/strong>\u00a0y tambi\u00e9n por \u00ablesiones leves\u00bb sufridas por amigos de Fernando que estaban junto a \u00e9l la madrugada del crimen.<\/p>\n<p>El juicio por el caso\u00a0<strong>se iniciar\u00e1 el lunes 2 de enero de 2023, en plena feria judicial de verano, a casi tres a\u00f1os del crimen,\u00a0<\/strong>y se desarrollar\u00e1 a lo largo de 22 jornadas con la participaci\u00f3n de m\u00e1s de 130 testigos.<\/p>\n<p>Las audiencias se realizar\u00e1n\u00a0<strong>en el Palacio de Tribunales de Dolores,<\/strong>\u00a0ubicado en la calle Belgrano 141 de esa ciudad bonaerense, y estar\u00e1 a cargo de los jueces Mar\u00eda Claudia Castro, Christian Rabaia y Emiliano L\u00e1zzari.<\/p>\n<p>De acuerdo con la instrucci\u00f3n del caso, desarrollada por la fiscal Ver\u00f3nica Zamboni,\u00a0<strong>los acusados atacaron a B\u00e1ez Sosa entre las 4.41 y las 5 del 18 de enero de 2020, frente al local bailable ubicado en avenida 3 y paseo 102.<\/strong><\/p>\n<p>Seg\u00fan Zamboni, los ocho j\u00f3venes \u00abacordaron darle muerte\u00bb al joven estudiante de derecho y, para ello,\u00a0<strong>\u00abpreviamente distribuyeron funcionalmente sus roles\u00bb,<\/strong>\u00a0luego de que \u00abminutos antes, al encontrarse en el interior del local bailable, tuvieran un altercado\u00bb con \u00e9l, \u00abquien se encontraba acompa\u00f1ado con su grupo de amigos\u00bb.<\/p>\n<p><strong>El episodio qued\u00f3 registrado por c\u00e1maras de seguridad y de tel\u00e9fonos celulares de testigos<\/strong>, por lo que los sospechosos fueron identificados y detenidos horas m\u00e1s tarde en la casa que alquilaban, a pocas cuadras del lugar.<\/p>\n<p>Tambi\u00e9n fueron pruebas clave\u00a0<strong>el an\u00e1lisis de los chats y los videos hallados en los celulares de los propios imputados<\/strong>\u00a0y donde se hallaron mensajes como el Lucas Pertossi anunci\u00e1ndole al resto que Fernando \u00abcaduc\u00f3\u00bb, o las pericias que encontraron sangre de la v\u00edctima en prendas de vestir de alguno de los rugbiers.<\/p>\n<p>&nbsp;<\/p>\n<p>&nbsp;<\/p>\n","protected":false},"excerpt":{"rendered":"<p>&nbsp; Graciela Sosa llam\u00f3 a un acto el 20 de diciembre para pedir la pena de cadena perpetua para los<\/p>\n","protected":false},"author":1,"featured_media":42751,"comment_status":"closed","ping_status":"closed","sticky":false,"template":"","format":"standard","meta":{"kia_subtitle":"","footnotes":"","jetpack_publicize_message":"La madre de Fernando B\u00e1ez Sosa reclamar\u00e1 justicia frente al Congreso","jetpack_publicize_feature_enabled":true,"jetpack_social_post_already_shared":true,"jetpack_social_options":{"image_generator_settings":{"template":"highway","default_image_id":0,"font":"","enabled":false},"version":2}},"categories":[8],"tags":[],"class_list":["post-86032","post","type-post","status-publish","format-standard","has-post-thumbnail","hentry","category-policiales"],"jetpack_publicize_connections":[],"jetpack_featured_media_url":"https:\/\/laurbedigital.com.ar\/noticias\/wp-content\/uploads\/2020\/12\/20201216-Fernando-Baez-Sosa.jpg","_links":{"self":[{"href":"https:\/\/laurbedigital.com.ar\/noticias\/wp-json\/wp\/v2\/posts\/86032","targetHints":{"allow":["GET"]}}],"collection":[{"href":"https:\/\/laurbedigital.com.ar\/noticias\/wp-json\/wp\/v2\/posts"}],"about":[{"href":"https:\/\/laurbedigital.com.ar\/noticias\/wp-json\/wp\/v2\/types\/post"}],"author":[{"embeddable":true,"href":"https:\/\/laurbedigital.com.ar\/noticias\/wp-json\/wp\/v2\/users\/1"}],"replies":[{"embeddable":true,"href":"https:\/\/laurbedigital.com.ar\/noticias\/wp-json\/wp\/v2\/comments?post=86032"}],"version-history":[{"count":2,"href":"https:\/\/laurbedigital.com.ar\/noticias\/wp-json\/wp\/v2\/posts\/86032\/revisions"}],"predecessor-version":[{"id":86034,"href":"https:\/\/laurbedigital.com.ar\/noticias\/wp-json\/wp\/v2\/posts\/86032\/revisions\/86034"}],"wp:featuredmedia":[{"embeddable":true,"href":"https:\/\/laurbedigital.com.ar\/noticias\/wp-json\/wp\/v2\/media\/42751"}],"wp:attachment":[{"href":"https:\/\/laurbedigital.com.ar\/noticias\/wp-json\/wp\/v2\/media?parent=86032"}],"wp:term":[{"taxonomy":"category","embeddable":true,"href":"https:\/\/laurbedigital.com.ar\/noticias\/wp-json\/wp\/v2\/categories?post=86032"},{"taxonomy":"post_tag","embeddable":true,"href":"https:\/\/laurbedigital.com.ar\/noticias\/wp-json\/wp\/v2\/tags?post=86032"}],"curies":[{"name":"wp","href":"https:\/\/api.w.org\/{rel}","templated":true}]}}