{"id":8573,"date":"2017-09-21T10:44:39","date_gmt":"2017-09-21T13:44:39","guid":{"rendered":"http:\/\/laurbedigital.com.ar\/noticias\/?p=8573"},"modified":"2017-09-21T10:44:39","modified_gmt":"2017-09-21T13:44:39","slug":"un-gendarme-reconocio-que-a-los-mapuche-les-dieron-para-que-tengan","status":"publish","type":"post","link":"https:\/\/laurbedigital.com.ar\/noticias\/2017\/09\/21\/un-gendarme-reconocio-que-a-los-mapuche-les-dieron-para-que-tengan\/","title":{"rendered":"Un gendarme reconoci\u00f3 que a los mapuche les dieron \u00abpara que tengan\u00bb"},"content":{"rendered":"<p>Un audio envido por uno de los gendarmes que particip\u00f3 del operativo represivo del 1 de agosto a uno de sus superiores confirma claramente lo que todos sabemos desde el principio: que Gendarmer\u00eda ingres\u00f3 a la Pu Lof de Cushamen para ejercer violencia y \u201ccazar mapuches\u201d y que en ese\u00a0operativo se llev\u00f3 con vida a Santiago Maldonado.<\/p>\n<p>\u201cLes dimos corchazos para que tengan\u201d afirm\u00f3 un gendarme en un mensaje a uno de sus superiores, seg\u00fan se desprende del peritaje de uno de los 70 tel\u00e9fonos celulares utilizados aquel d\u00eda y cuya transcripci\u00f3n consta en el expediente judicial.<\/p>\n<p>El gendarme que hizo referencia a los \u201ccorchazos\u201d es uno de los uniformados que el d\u00eda del operativo lleg\u00f3 hasta la vera del r\u00edo Chubut, por donde los manifestantes huyeron. Se trataba de un grupo de ocho integrantes de la fuerza de seguridad. Su nombre no fue difundido por las fuentes consultadas.<\/p>\n<p>El dato, de por si relevante, recorta de manera abrumadora las posibilidades de seguir encubriendo el accionar criminal de la Gendarmer\u00eda y a medida que avancen los peritajes en los celulares secuestrados se ira demostrando -m\u00e1s de lo que ya est\u00e1- la responsabilidad absoluta de la fuerza en la desaparici\u00f3n forzada de Santiago Maldonado<\/p>\n","protected":false},"excerpt":{"rendered":"<p>Un audio envido por uno de los gendarmes que particip\u00f3 del operativo represivo del 1 de agosto a uno de<\/p>\n","protected":false},"author":1,"featured_media":8568,"comment_status":"closed","ping_status":"closed","sticky":false,"template":"","format":"standard","meta":{"kia_subtitle":"","footnotes":"","jetpack_publicize_message":"","jetpack_publicize_feature_enabled":true,"jetpack_social_post_already_shared":true,"jetpack_social_options":{"image_generator_settings":{"template":"highway","default_image_id":0,"font":"","enabled":false},"version":2}},"categories":[3,41],"tags":[],"class_list":["post-8573","post","type-post","status-publish","format-standard","has-post-thumbnail","hentry","category-actualidad","category-nacionales"],"jetpack_publicize_connections":[],"jetpack_featured_media_url":"https:\/\/laurbedigital.com.ar\/noticias\/wp-content\/uploads\/2017\/09\/20170921-nac1.jpg","_links":{"self":[{"href":"https:\/\/laurbedigital.com.ar\/noticias\/wp-json\/wp\/v2\/posts\/8573","targetHints":{"allow":["GET"]}}],"collection":[{"href":"https:\/\/laurbedigital.com.ar\/noticias\/wp-json\/wp\/v2\/posts"}],"about":[{"href":"https:\/\/laurbedigital.com.ar\/noticias\/wp-json\/wp\/v2\/types\/post"}],"author":[{"embeddable":true,"href":"https:\/\/laurbedigital.com.ar\/noticias\/wp-json\/wp\/v2\/users\/1"}],"replies":[{"embeddable":true,"href":"https:\/\/laurbedigital.com.ar\/noticias\/wp-json\/wp\/v2\/comments?post=8573"}],"version-history":[{"count":1,"href":"https:\/\/laurbedigital.com.ar\/noticias\/wp-json\/wp\/v2\/posts\/8573\/revisions"}],"predecessor-version":[{"id":8574,"href":"https:\/\/laurbedigital.com.ar\/noticias\/wp-json\/wp\/v2\/posts\/8573\/revisions\/8574"}],"wp:featuredmedia":[{"embeddable":true,"href":"https:\/\/laurbedigital.com.ar\/noticias\/wp-json\/wp\/v2\/media\/8568"}],"wp:attachment":[{"href":"https:\/\/laurbedigital.com.ar\/noticias\/wp-json\/wp\/v2\/media?parent=8573"}],"wp:term":[{"taxonomy":"category","embeddable":true,"href":"https:\/\/laurbedigital.com.ar\/noticias\/wp-json\/wp\/v2\/categories?post=8573"},{"taxonomy":"post_tag","embeddable":true,"href":"https:\/\/laurbedigital.com.ar\/noticias\/wp-json\/wp\/v2\/tags?post=8573"}],"curies":[{"name":"wp","href":"https:\/\/api.w.org\/{rel}","templated":true}]}}