{"id":85670,"date":"2022-11-30T19:00:55","date_gmt":"2022-11-30T22:00:55","guid":{"rendered":"https:\/\/laurbedigital.com.ar\/noticias\/?p=85670"},"modified":"2022-11-30T19:00:55","modified_gmt":"2022-11-30T22:00:55","slug":"el-10-de-diciembre-cierra-la-inscripcion-para-ingresar-a-la-policia-bonaerense","status":"publish","type":"post","link":"https:\/\/laurbedigital.com.ar\/noticias\/2022\/11\/30\/el-10-de-diciembre-cierra-la-inscripcion-para-ingresar-a-la-policia-bonaerense\/","title":{"rendered":"El 10 de diciembre cierra la inscripci\u00f3n para ingresar a la Polic\u00eda Bonaerense"},"content":{"rendered":"<p>&nbsp;<\/p>\n<h6><strong>El Municipio de Almirante Brown inform\u00f3 que el pr\u00f3ximo el 10 de diciembre cierra la inscripci\u00f3n para el ciclo lectivo 2023 de la escuela de cadetes de la Polic\u00eda de la Provincia de Buenos Aires.<\/strong><\/h6>\n<p>Quienes quieran integrar la fuerza podr\u00e1n inscribirse, hasta esa fecha, a trav\u00e9s del sitio web del Ministerio de Seguridad:\u00a0<a href=\"http:\/\/www.mseg.gba.gov.ar\/\" target=\"_blank\" rel=\"nofollow noopener\" data-saferedirecturl=\"https:\/\/www.google.com\/url?q=http:\/\/www.mseg.gba.gov.ar\/&amp;source=gmail&amp;ust=1669930121943000&amp;usg=AOvVaw1xDy4WYSL1UpBVBaFM3aJZ\">www.mseg.gba.gov.ar<\/a><wbr \/>\u00a0\u00a0y completar el formulario correspondiente.<\/p>\n<p>Al cierre de la inscripci\u00f3n se llevar\u00e1n adelante las diversas etapas del proceso de selecci\u00f3n dispuesto para el ingreso. Hasta el 15 de enero del 2023 se realizar\u00e1n las evaluaciones cognitivas. Quienes las aprueben, podr\u00e1n realizar el examen psicol\u00f3gico y m\u00e9dico. Las y los seleccionados arrancar\u00e1n en marzo pr\u00f3ximo la formaci\u00f3n.<\/p>\n<h6>\u201cConvocamos a las y los brownianos interesados a que se inscriban como cadetes policiales, se formen y as\u00ed se sumen a la prevenci\u00f3n del delito para cuidar a toda nuestra comunidad\u201d, se\u00f1al\u00f3 Mariano Cascallares, que adem\u00e1s subray\u00f3 el trabajo mancomunado que promueven la Provincia y el Municipio en materia de seguridad.<\/h6>\n<p>Los requisitos para la inscripci\u00f3n son los siguientes: ser argentino nativo, naturalizado o por opci\u00f3n; tener entre 17 a 29 a\u00f1os de edad (29 a\u00f1os al momento de incorporaci\u00f3n a la Escuela de Polic\u00eda); poseer condiciones de moralidad y buenas costumbres; haber finalizado el nivel secundario, en los t\u00e9rminos de la Ley Nro. 13688 o equivalente, conforme lo establezca la reglamentaci\u00f3n; responder a las aptitudes psicof\u00edsicas que establezca la presente y su reglamentaci\u00f3n.<\/p>\n<p><img loading=\"lazy\" decoding=\"async\" class=\"alignnone size-large wp-image-85673\" src=\"https:\/\/laurbedigital.com.ar\/noticias\/wp-content\/uploads\/2022\/11\/policia2-1024x683.jpg\" alt=\"\" width=\"800\" height=\"534\" title=\"\" srcset=\"https:\/\/laurbedigital.com.ar\/noticias\/wp-content\/uploads\/2022\/11\/policia2-1024x683.jpg 1024w, https:\/\/laurbedigital.com.ar\/noticias\/wp-content\/uploads\/2022\/11\/policia2-300x200.jpg 300w, https:\/\/laurbedigital.com.ar\/noticias\/wp-content\/uploads\/2022\/11\/policia2-768x512.jpg 768w, https:\/\/laurbedigital.com.ar\/noticias\/wp-content\/uploads\/2022\/11\/policia2-1536x1024.jpg 1536w, https:\/\/laurbedigital.com.ar\/noticias\/wp-content\/uploads\/2022\/11\/policia2.jpg 1600w\" sizes=\"auto, (max-width: 800px) 100vw, 800px\" \/><\/p>\n<p>El l\u00edmite m\u00e1ximo de edad previsto podr\u00e1 ser aumentado y por tiempo determinado en caso de necesidad en el reclutamiento; Suscribir, en el caso de los egresados de los Institutos de formaci\u00f3n policial de las Polic\u00edas de la Provincia de Buenos Aires, el compromiso de prestar servicios en la Instituci\u00f3n por un per\u00edodo de tres (3) a\u00f1os.<\/p>\n<p>Vale recordar, que la instrucci\u00f3n se concretar\u00e1 con el actual modelo mixto, que combina un mes internado en la Escuela de Polic\u00eda Juan Vucetich y un mes externado cursando en la unidad acad\u00e9mica dispuesta por cada Municipio.<\/p>\n<p>Al respecto, cabe se\u00f1alar, que se lleva adelante la etapa final de construcci\u00f3n de las nuevas instalaciones de la Escuela Descentralizada de la Polic\u00eda de la Provincia de Buenos Aires en Almirante Brown, ubicada en Juan B. Justo 1000 de la localidad de Ministro Rivadavia. Se trata de un edificio modular que incluye seis aulas, dos SUM, \u00e1reas de administraci\u00f3n y de la direcci\u00f3n, y sanitarios. La obra, financiada por el Municipio, albergar\u00e1 a los nuevos cadetes policiales del ciclo lectivo 2023.<\/p>\n<p>Por consultas e informaci\u00f3n, desde la gesti\u00f3n del intendente interino, Juan Fabiani, indicaron que los interesados en sumarse a la convocatoria podr\u00e1n escribir al siguiente correo\u00a0<a href=\"mailto:almirantebrowningresopolicial@gmail.com\" target=\"_blank\" rel=\"nofollow noopener\">almirantebrowningresopo<wbr \/>licial@gmail.com<\/a>\u00a0\u00a0o bien llamar al 2206-1325 o por Whatsapp al 11-5661-3583.<\/p>\n<p>&nbsp;<\/p>\n","protected":false},"excerpt":{"rendered":"<p>&nbsp; El Municipio de Almirante Brown inform\u00f3 que el pr\u00f3ximo el 10 de diciembre cierra la inscripci\u00f3n para el ciclo<\/p>\n","protected":false},"author":1,"featured_media":85671,"comment_status":"closed","ping_status":"closed","sticky":false,"template":"","format":"standard","meta":{"kia_subtitle":"","footnotes":"","jetpack_publicize_message":"El 10 de diciembre cierra la inscripci\u00f3n para ingresar a la Polic\u00eda Bonaerense","jetpack_publicize_feature_enabled":true,"jetpack_social_post_already_shared":true,"jetpack_social_options":{"image_generator_settings":{"template":"highway","default_image_id":0,"font":"","enabled":false},"version":2}},"categories":[2,33],"tags":[],"class_list":["post-85670","post","type-post","status-publish","format-standard","has-post-thumbnail","hentry","category-alte-brown","category-alte-brown-alte-brown"],"jetpack_publicize_connections":[],"jetpack_featured_media_url":"https:\/\/laurbedigital.com.ar\/noticias\/wp-content\/uploads\/2022\/11\/202211030-Brown-Policia.jpg","_links":{"self":[{"href":"https:\/\/laurbedigital.com.ar\/noticias\/wp-json\/wp\/v2\/posts\/85670","targetHints":{"allow":["GET"]}}],"collection":[{"href":"https:\/\/laurbedigital.com.ar\/noticias\/wp-json\/wp\/v2\/posts"}],"about":[{"href":"https:\/\/laurbedigital.com.ar\/noticias\/wp-json\/wp\/v2\/types\/post"}],"author":[{"embeddable":true,"href":"https:\/\/laurbedigital.com.ar\/noticias\/wp-json\/wp\/v2\/users\/1"}],"replies":[{"embeddable":true,"href":"https:\/\/laurbedigital.com.ar\/noticias\/wp-json\/wp\/v2\/comments?post=85670"}],"version-history":[{"count":2,"href":"https:\/\/laurbedigital.com.ar\/noticias\/wp-json\/wp\/v2\/posts\/85670\/revisions"}],"predecessor-version":[{"id":85675,"href":"https:\/\/laurbedigital.com.ar\/noticias\/wp-json\/wp\/v2\/posts\/85670\/revisions\/85675"}],"wp:featuredmedia":[{"embeddable":true,"href":"https:\/\/laurbedigital.com.ar\/noticias\/wp-json\/wp\/v2\/media\/85671"}],"wp:attachment":[{"href":"https:\/\/laurbedigital.com.ar\/noticias\/wp-json\/wp\/v2\/media?parent=85670"}],"wp:term":[{"taxonomy":"category","embeddable":true,"href":"https:\/\/laurbedigital.com.ar\/noticias\/wp-json\/wp\/v2\/categories?post=85670"},{"taxonomy":"post_tag","embeddable":true,"href":"https:\/\/laurbedigital.com.ar\/noticias\/wp-json\/wp\/v2\/tags?post=85670"}],"curies":[{"name":"wp","href":"https:\/\/api.w.org\/{rel}","templated":true}]}}