{"id":85397,"date":"2022-11-23T22:54:25","date_gmt":"2022-11-24T01:54:25","guid":{"rendered":"https:\/\/laurbedigital.com.ar\/noticias\/?p=85397"},"modified":"2022-11-23T19:00:09","modified_gmt":"2022-11-23T22:00:09","slug":"ataque-a-cristina-fernandez-la-jueza-capuchetti-delego-la-investigacion-en-el-fiscal-rivolo","status":"publish","type":"post","link":"https:\/\/laurbedigital.com.ar\/noticias\/2022\/11\/23\/ataque-a-cristina-fernandez-la-jueza-capuchetti-delego-la-investigacion-en-el-fiscal-rivolo\/","title":{"rendered":"Ataque a Cristina Fern\u00e1ndez: la jueza Capuchetti deleg\u00f3 la investigaci\u00f3n en el fiscal R\u00edvolo"},"content":{"rendered":"<p>&nbsp;<\/p>\n<h6 class=\"font-400\"><strong>El cambio se da tras la recusaci\u00f3n solicitada por los representantes legales de la vicepresidenta en la causa en la que se investiga su intento de magnicidio.<\/strong><\/h6>\n<p>La jueza federal Mar\u00eda Eugenia Capuchetti deleg\u00f3 hoy en el fiscal Carlos R\u00edvolo la investigaci\u00f3n por el intento de asesinato a la vicepresidenta Cristina Fern\u00e1ndez de Kirchner, informaron fuentes judiciales. t\u00e9lam<\/p>\n<blockquote class=\"twitter-tweet\">\n<p dir=\"ltr\" lang=\"es\">En este video de 4 minutos 4 segundos, vas a conocer las nuevas y muy graves irregularidades de la no investigaci\u00f3n de la jueza Capuchetti. <a href=\"https:\/\/t.co\/GuO6wW9cvb\">pic.twitter.com\/GuO6wW9cvb<\/a><\/p>\n<p>\u2014 Cristina Kirchner (@CFKArgentina) <a href=\"https:\/\/twitter.com\/CFKArgentina\/status\/1592985874915917825?ref_src=twsrc%5Etfw\" target=\"_blank\" rel=\"noopener\">November 16, 2022<\/a><\/p><\/blockquote>\n<p><script async src=\"https:\/\/platform.twitter.com\/widgets.js\" charset=\"utf-8\"><\/script><\/p>\n<p>&nbsp;<\/p>\n","protected":false},"excerpt":{"rendered":"<p>&nbsp; El cambio se da tras la recusaci\u00f3n solicitada por los representantes legales de la vicepresidenta en la causa en<\/p>\n","protected":false},"author":1,"featured_media":85398,"comment_status":"closed","ping_status":"closed","sticky":false,"template":"","format":"standard","meta":{"kia_subtitle":"","footnotes":"","jetpack_publicize_message":"Ataque a Cristina Fern\u00e1ndez: la jueza Capuchetti deleg\u00f3 la investigaci\u00f3n en el fiscal R\u00edvolo","jetpack_publicize_feature_enabled":true,"jetpack_social_post_already_shared":true,"jetpack_social_options":{"image_generator_settings":{"template":"highway","default_image_id":0,"font":"","enabled":false},"version":2}},"categories":[8],"tags":[],"class_list":["post-85397","post","type-post","status-publish","format-standard","has-post-thumbnail","hentry","category-policiales"],"jetpack_publicize_connections":[],"jetpack_featured_media_url":"https:\/\/laurbedigital.com.ar\/noticias\/wp-content\/uploads\/2022\/11\/202211023-rivolo.jpg","_links":{"self":[{"href":"https:\/\/laurbedigital.com.ar\/noticias\/wp-json\/wp\/v2\/posts\/85397","targetHints":{"allow":["GET"]}}],"collection":[{"href":"https:\/\/laurbedigital.com.ar\/noticias\/wp-json\/wp\/v2\/posts"}],"about":[{"href":"https:\/\/laurbedigital.com.ar\/noticias\/wp-json\/wp\/v2\/types\/post"}],"author":[{"embeddable":true,"href":"https:\/\/laurbedigital.com.ar\/noticias\/wp-json\/wp\/v2\/users\/1"}],"replies":[{"embeddable":true,"href":"https:\/\/laurbedigital.com.ar\/noticias\/wp-json\/wp\/v2\/comments?post=85397"}],"version-history":[{"count":2,"href":"https:\/\/laurbedigital.com.ar\/noticias\/wp-json\/wp\/v2\/posts\/85397\/revisions"}],"predecessor-version":[{"id":85400,"href":"https:\/\/laurbedigital.com.ar\/noticias\/wp-json\/wp\/v2\/posts\/85397\/revisions\/85400"}],"wp:featuredmedia":[{"embeddable":true,"href":"https:\/\/laurbedigital.com.ar\/noticias\/wp-json\/wp\/v2\/media\/85398"}],"wp:attachment":[{"href":"https:\/\/laurbedigital.com.ar\/noticias\/wp-json\/wp\/v2\/media?parent=85397"}],"wp:term":[{"taxonomy":"category","embeddable":true,"href":"https:\/\/laurbedigital.com.ar\/noticias\/wp-json\/wp\/v2\/categories?post=85397"},{"taxonomy":"post_tag","embeddable":true,"href":"https:\/\/laurbedigital.com.ar\/noticias\/wp-json\/wp\/v2\/tags?post=85397"}],"curies":[{"name":"wp","href":"https:\/\/api.w.org\/{rel}","templated":true}]}}