{"id":8533,"date":"2017-09-19T17:33:39","date_gmt":"2017-09-19T20:33:39","guid":{"rendered":"http:\/\/laurbedigital.com.ar\/noticias\/?p=8533"},"modified":"2017-09-19T17:33:39","modified_gmt":"2017-09-19T20:33:39","slug":"pena-confirmo-que-el-gobierno-llevara-adelante-una-reforma-laboral","status":"publish","type":"post","link":"https:\/\/laurbedigital.com.ar\/noticias\/2017\/09\/19\/pena-confirmo-que-el-gobierno-llevara-adelante-una-reforma-laboral\/","title":{"rendered":"Pe\u00f1a confirm\u00f3 que el Gobierno llevar\u00e1 adelante una reforma laboral"},"content":{"rendered":"<p>El jefe de Gabinete Marcos reconoci\u00f3 la intenci\u00f3n por parte del Ejecutivo de implementar una reforma, aunque asegur\u00f3 que no hay todav\u00eda un proyecto espec\u00edfico<\/p>\n<p><span class=\"smallbajada\">En ese senido, sostuvo que tienen intenci\u00f3n de avanzar con \u00abvocaci\u00f3n de di\u00e1logo\u00bb.<br \/>\n<\/span><br \/>\nEn una conferencia de prensa en el Centro Cultural Kirchner, Marcos Pe\u00f1a, dijo que el Gobierno tiene \u00abla intenci\u00f3n pero no un proyecto espec\u00edfico\u00bb y que las autoridades ir\u00e1n \u00abavanzando\u00bb sobre la reforma laboral con la \u00abvocaci\u00f3n del di\u00e1logo\u00bb entre todos los sectores.<\/p>\n<p>Cabe recordar que a comienzos de agosto Rogelio Frigerio, ministro de Interior y Transporte hab\u00eda asegurado que \u00abno hay ning\u00fan plan por parte del gobierno nacional para despu\u00e9s de las elecciones, distinto a lo que venimos haciendo en estos 18 meses de gesti\u00f3n. No va a haber sorpresas\u00bb.<\/p>\n<p>En ese sentido, hab\u00eda asegurado que \u00abel \u00fanico cambio que tenemos en mente es reducir los impuestos, y darle alivio fiscal a la gente y sectores productivos\u00bb, de esta manera, Frigerio hab\u00eda descartado que el Gobierno impulse una reforma laboral y previsional para despu\u00e9s de las elecciones.<\/p>\n<p>&nbsp;<\/p>\n","protected":false},"excerpt":{"rendered":"<p>El jefe de Gabinete Marcos reconoci\u00f3 la intenci\u00f3n por parte del Ejecutivo de implementar una reforma, aunque asegur\u00f3 que no<\/p>\n","protected":false},"author":1,"featured_media":8534,"comment_status":"closed","ping_status":"closed","sticky":false,"template":"","format":"standard","meta":{"kia_subtitle":"","footnotes":"","jetpack_publicize_message":"","jetpack_publicize_feature_enabled":true,"jetpack_social_post_already_shared":true,"jetpack_social_options":{"image_generator_settings":{"template":"highway","default_image_id":0,"font":"","enabled":false},"version":2}},"categories":[3,41],"tags":[],"class_list":["post-8533","post","type-post","status-publish","format-standard","has-post-thumbnail","hentry","category-actualidad","category-nacionales"],"jetpack_publicize_connections":[],"jetpack_featured_media_url":"https:\/\/laurbedigital.com.ar\/noticias\/wp-content\/uploads\/2017\/09\/20170919-nac3.jpg","_links":{"self":[{"href":"https:\/\/laurbedigital.com.ar\/noticias\/wp-json\/wp\/v2\/posts\/8533","targetHints":{"allow":["GET"]}}],"collection":[{"href":"https:\/\/laurbedigital.com.ar\/noticias\/wp-json\/wp\/v2\/posts"}],"about":[{"href":"https:\/\/laurbedigital.com.ar\/noticias\/wp-json\/wp\/v2\/types\/post"}],"author":[{"embeddable":true,"href":"https:\/\/laurbedigital.com.ar\/noticias\/wp-json\/wp\/v2\/users\/1"}],"replies":[{"embeddable":true,"href":"https:\/\/laurbedigital.com.ar\/noticias\/wp-json\/wp\/v2\/comments?post=8533"}],"version-history":[{"count":1,"href":"https:\/\/laurbedigital.com.ar\/noticias\/wp-json\/wp\/v2\/posts\/8533\/revisions"}],"predecessor-version":[{"id":8535,"href":"https:\/\/laurbedigital.com.ar\/noticias\/wp-json\/wp\/v2\/posts\/8533\/revisions\/8535"}],"wp:featuredmedia":[{"embeddable":true,"href":"https:\/\/laurbedigital.com.ar\/noticias\/wp-json\/wp\/v2\/media\/8534"}],"wp:attachment":[{"href":"https:\/\/laurbedigital.com.ar\/noticias\/wp-json\/wp\/v2\/media?parent=8533"}],"wp:term":[{"taxonomy":"category","embeddable":true,"href":"https:\/\/laurbedigital.com.ar\/noticias\/wp-json\/wp\/v2\/categories?post=8533"},{"taxonomy":"post_tag","embeddable":true,"href":"https:\/\/laurbedigital.com.ar\/noticias\/wp-json\/wp\/v2\/tags?post=8533"}],"curies":[{"name":"wp","href":"https:\/\/api.w.org\/{rel}","templated":true}]}}