{"id":85019,"date":"2022-11-14T11:40:49","date_gmt":"2022-11-14T14:40:49","guid":{"rendered":"https:\/\/laurbedigital.com.ar\/noticias\/?p=85019"},"modified":"2022-11-14T11:40:49","modified_gmt":"2022-11-14T14:40:49","slug":"messi-se-sumo-a-la-concentracion-de-argentina-en-abu-dhabi","status":"publish","type":"post","link":"https:\/\/laurbedigital.com.ar\/noticias\/2022\/11\/14\/messi-se-sumo-a-la-concentracion-de-argentina-en-abu-dhabi\/","title":{"rendered":"Messi se sum\u00f3 a la concentraci\u00f3n de Argentina en Abu Dhabi"},"content":{"rendered":"<p>&nbsp;<\/p>\n<h6><strong>El capital de la selecci\u00f3n lleg\u00f3 al hotel acompa\u00f1ado de los futbolistas de la Juventus de Italia \u00c1ngel Di Mar\u00eda y Leandro Paredes, y los tres fueron recibidos en el hall central por el presidente de la Asociaci\u00f3n del F\u00fatbol Argentino (AFA), Claudio Tapia.<\/strong><\/h6>\n<p>El capit\u00e1n del seleccionado argentino, Lionel Messi, se sum\u00f3 este lunes a la concentraci\u00f3n del equipo en Abu Dhabi, Emiratos \u00c1rabes Unidos, para iniciar la preparaci\u00f3n del Mundial Qatar 2022 que<strong>\u00a0comenzar\u00e1 el pr\u00f3ximo domingo.<\/strong><\/p>\n<p>Leo lleg\u00f3 al hotel acompa\u00f1ado de los futbolistas de la Juventus de Italia \u00c1ngel Di Mar\u00eda y Leandro Paredes, y los tres fueron recibidos en el hall central por el presidente de la Asociaci\u00f3n del F\u00fatbol Argentino (AFA), Claudio Tapia.<\/p>\n<p>Messi\u00a0<strong>se incorpor\u00f3 al seleccionado despu\u00e9s de jugar el domingo 74 minutos en la goleada de Par\u00eds Saint-Germain<\/strong>\u00a0sobre Auxerre (5-0) por la Ligue 1 de Francia.<\/p>\n<blockquote class=\"twitter-tweet\">\n<p dir=\"ltr\" lang=\"es\"><a href=\"https:\/\/twitter.com\/hashtag\/Selecci%C3%B3nMayor?src=hash&amp;ref_src=twsrc%5Etfw\" target=\"_blank\" rel=\"noopener\">#Selecci\u00f3nMayor<\/a> M\u00e1s arribos en esta ma\u00f1ana de Abu Dhabi&#8230;<\/p>\n<p>\u00a1Buenos d\u00edas, Leo, Fide y Lea! &#x1f44b;&#x1f3fc;&#x1f601; <a href=\"https:\/\/t.co\/DRAPPQnSYn\">pic.twitter.com\/DRAPPQnSYn<\/a><\/p>\n<p>\u2014 Selecci\u00f3n Argentina &#x1f1e6;&#x1f1f7; (@Argentina) <a href=\"https:\/\/twitter.com\/Argentina\/status\/1592090432980553728?ref_src=twsrc%5Etfw\" target=\"_blank\" rel=\"noopener\">November 14, 2022<\/a><\/p><\/blockquote>\n<p><script async src=\"https:\/\/platform.twitter.com\/widgets.js\" charset=\"utf-8\"><\/script><\/p>\n<p>En la jornada de este domingo, el DT Lionel Scaloni le hab\u00eda dado la bienvenida a otros seis jugadores de la lista de 26 convocados para Qatar: el arquero Ger\u00f3nimo Rulli; los defensores Nahuel Molina y Juan Foyth; los mediocampistas Rodrigo De Paul y Exequiel Palacios y el delantero Juli\u00e1n \u00c1lvarez.<\/p>\n<p>Con anterioridad ya trabajaban con el equipo Franco Armani, Cristian \u00abCuti\u00bb Romero, Germ\u00e1n Pezella y Guido Rodr\u00edguez.<\/p>\n<p><strong>Este lunes, durante la ma\u00f1ana de la Argentina, los jugadores del seleccionado cumplir\u00e1n con una pr\u00e1ctica abierta\u00a0<\/strong>en el estadio Al Nahyan y el mi\u00e9rcoles se disputar\u00e1 el amistoso con Emiratos \u00c1rabes desde las 12:30 en el estadio Mohamed Bin Zayed.<\/p>\n<p>Ese partido ser\u00e1 el \u00faltimo antes del estreno mundialista frente a Arabia Saudita, el martes 22 a las 7 (hora de la Argentina) en el Estadio Lusail.<\/p>\n<p>&nbsp;<\/p>\n","protected":false},"excerpt":{"rendered":"<p>&nbsp; El capital de la selecci\u00f3n lleg\u00f3 al hotel acompa\u00f1ado de los futbolistas de la Juventus de Italia \u00c1ngel Di<\/p>\n","protected":false},"author":1,"featured_media":85020,"comment_status":"closed","ping_status":"closed","sticky":false,"template":"","format":"standard","meta":{"kia_subtitle":"","footnotes":"","jetpack_publicize_message":"","jetpack_publicize_feature_enabled":true,"jetpack_social_post_already_shared":true,"jetpack_social_options":{"image_generator_settings":{"template":"highway","default_image_id":0,"font":"","enabled":false},"version":2}},"categories":[4,2597],"tags":[],"class_list":["post-85019","post","type-post","status-publish","format-standard","has-post-thumbnail","hentry","category-deporte","category-qatar-2022"],"jetpack_publicize_connections":[],"jetpack_featured_media_url":"https:\/\/laurbedigital.com.ar\/noticias\/wp-content\/uploads\/2022\/11\/20221114-Qatar-Messi.jpg","_links":{"self":[{"href":"https:\/\/laurbedigital.com.ar\/noticias\/wp-json\/wp\/v2\/posts\/85019","targetHints":{"allow":["GET"]}}],"collection":[{"href":"https:\/\/laurbedigital.com.ar\/noticias\/wp-json\/wp\/v2\/posts"}],"about":[{"href":"https:\/\/laurbedigital.com.ar\/noticias\/wp-json\/wp\/v2\/types\/post"}],"author":[{"embeddable":true,"href":"https:\/\/laurbedigital.com.ar\/noticias\/wp-json\/wp\/v2\/users\/1"}],"replies":[{"embeddable":true,"href":"https:\/\/laurbedigital.com.ar\/noticias\/wp-json\/wp\/v2\/comments?post=85019"}],"version-history":[{"count":2,"href":"https:\/\/laurbedigital.com.ar\/noticias\/wp-json\/wp\/v2\/posts\/85019\/revisions"}],"predecessor-version":[{"id":85022,"href":"https:\/\/laurbedigital.com.ar\/noticias\/wp-json\/wp\/v2\/posts\/85019\/revisions\/85022"}],"wp:featuredmedia":[{"embeddable":true,"href":"https:\/\/laurbedigital.com.ar\/noticias\/wp-json\/wp\/v2\/media\/85020"}],"wp:attachment":[{"href":"https:\/\/laurbedigital.com.ar\/noticias\/wp-json\/wp\/v2\/media?parent=85019"}],"wp:term":[{"taxonomy":"category","embeddable":true,"href":"https:\/\/laurbedigital.com.ar\/noticias\/wp-json\/wp\/v2\/categories?post=85019"},{"taxonomy":"post_tag","embeddable":true,"href":"https:\/\/laurbedigital.com.ar\/noticias\/wp-json\/wp\/v2\/tags?post=85019"}],"curies":[{"name":"wp","href":"https:\/\/api.w.org\/{rel}","templated":true}]}}