{"id":84835,"date":"2022-11-09T21:28:57","date_gmt":"2022-11-10T00:28:57","guid":{"rendered":"https:\/\/laurbedigital.com.ar\/noticias\/?p=84835"},"modified":"2022-11-09T21:28:57","modified_gmt":"2022-11-10T00:28:57","slug":"llega-otra-edicion-de-la-noche-de-las-heladerias","status":"publish","type":"post","link":"https:\/\/laurbedigital.com.ar\/noticias\/2022\/11\/09\/llega-otra-edicion-de-la-noche-de-las-heladerias\/","title":{"rendered":"Llega otra edici\u00f3n de \u00abLa Noche de las Helader\u00edas\u00bb"},"content":{"rendered":"<p>&nbsp;<\/p>\n<h6>Organizada por la Asociaci\u00f3n de Fabricantes Artesanales de Helados y Afines se realizar\u00e1 este jueves\u00a0en las m\u00e1s de 300 helader\u00edas de todo el pa\u00eds adheridas.<\/h6>\n<p>Una nueva edici\u00f3n de \u00abLa Noche de las Helader\u00edas\u00bb se realizar\u00e1 este jueves, dentro de la 38\u00ba edici\u00f3n de la Semana del Aut\u00e9ntico Helado Artesanal, organizadas por la Asociaci\u00f3n de Fabricantes Artesanales de Helados y Afines (Afadhya).<\/p>\n<p><strong>Durante la Semana, que se celebrar\u00e1 del 7 al 13 de noviembre,<\/strong>\u00a0se llevar\u00e1n a cabo el\u00a0<strong>\u00abMundial de Catar\u00bb (helado artesanal)\u00a0<\/strong>en las redes sociales -en conmemoraci\u00f3n por los 50 a\u00f1os de la Asociaci\u00f3n-, en el que\u00a0<strong>se podr\u00e1 participar por helado y acciones solidarias para vivir\u00a0<\/strong>\u00ab\u00a1Helado Feliz de la Vida!\u00bb\u00a0<strong>en las m\u00e1s de 300 helader\u00edas de todo el pa\u00eds adheridas.<\/strong><\/p>\n<p>Tambi\u00e9n<strong>\u00a0podr\u00e1 disfrutarse de helado artesanal<\/strong>, en homenaje a la celebraci\u00f3n que se realiza en Argentina<strong>, por primera vez en helader\u00edas de Italia, Espa\u00f1a, Uruguay, M\u00e9xico y Estados Unidos.<\/strong><\/p>\n<p>\u00abAfadhya est\u00e1 celebrando sus 50 a\u00f1os y eso hace que esta edici\u00f3n de la Semana del Helado y de La Noche de las Helader\u00edas sea a\u00fan m\u00e1s especial; invitamos a todos los fan\u00e1ticos y fan\u00e1ticas del Helado Artesanal a que se acerquen una vez m\u00e1s a las helader\u00edas adheridas de todo el pa\u00eds y vengan a catar el nuevo sabor y los cl\u00e1sicos de siempre\u00bb, afirm\u00f3\u00a0<strong>Maximiliano Maccarrone, flamante presidente de la entidad.<\/strong><\/p>\n<p><strong>Durante la semana en cada local adherido se podr\u00e1n encontrar los equipos de sabores que compiten en cada fecha,<\/strong>\u00a0participar del mundial de catar helado y ganarse kilos de helado todos los d\u00edas en las redes sociales de la entidad.<\/p>\n<p>Adem\u00e1s, muchas helader\u00edas\u00a0<strong>ofrecer\u00e1n el sabor \u00abDulce Scaloneta\u00bb<\/strong>, receta in\u00e9dita creada para alentar a la selecci\u00f3n en el mundial que ya se aproxima con una base del tradicional dulce de leche artesanal con trocitos de cucuruchos ba\u00f1ados en cobertura de chocolate blanco.<\/p>\n<p><strong>La noche del jueves 10 de noviembr<\/strong>e, desde las 19,\u00a0<strong>con la compra de un cuarto kilo de helado se regalar\u00e1 otro cuarto m\u00e1s;<\/strong>\u00a0y, al igual que todos los a\u00f1os, Afadhya r<strong>ealizar\u00e1 acciones solidarias<\/strong>\u00a0en la Semana del Aut\u00e9ntico Helado Artesanal,\u00a0<strong>a beneficio del comedor Los Piletones, la Casa del Teatro y la Fundaci\u00f3n Casa Garrahan.<\/strong><\/p>\n<p>\u00abLa Semana del Helado Artesanal se realiza desde hace 38 a\u00f1os y en su ADN tiene un componente solidario que a\u00f1o tras a\u00f1o se traduce en donaciones, comedores y entidades de bien p\u00fablico\u00bb, dijo Francisco Maccarrone, vicepresidente de la entidad.<\/p>\n<p>La actividad surgi\u00f3 en 1985 y, en su 30 edici\u00f3n, fue declarada de inter\u00e9s cultural por la Legislatura porte\u00f1a.<\/p>\n","protected":false},"excerpt":{"rendered":"<p>&nbsp; Organizada por la Asociaci\u00f3n de Fabricantes Artesanales de Helados y Afines se realizar\u00e1 este jueves\u00a0en las m\u00e1s de 300<\/p>\n","protected":false},"author":1,"featured_media":84831,"comment_status":"closed","ping_status":"closed","sticky":false,"template":"","format":"standard","meta":{"kia_subtitle":"","footnotes":"","jetpack_publicize_message":"Llega otra edici\u00f3n de \"La Noche de las Helader\u00edas\"","jetpack_publicize_feature_enabled":true,"jetpack_social_post_already_shared":true,"jetpack_social_options":{"image_generator_settings":{"template":"highway","default_image_id":0,"font":"","enabled":false},"version":2}},"categories":[3],"tags":[],"class_list":["post-84835","post","type-post","status-publish","format-standard","has-post-thumbnail","hentry","category-actualidad"],"jetpack_publicize_connections":[],"jetpack_featured_media_url":"https:\/\/laurbedigital.com.ar\/noticias\/wp-content\/uploads\/2022\/11\/20221110-Heladeria.jpg","_links":{"self":[{"href":"https:\/\/laurbedigital.com.ar\/noticias\/wp-json\/wp\/v2\/posts\/84835","targetHints":{"allow":["GET"]}}],"collection":[{"href":"https:\/\/laurbedigital.com.ar\/noticias\/wp-json\/wp\/v2\/posts"}],"about":[{"href":"https:\/\/laurbedigital.com.ar\/noticias\/wp-json\/wp\/v2\/types\/post"}],"author":[{"embeddable":true,"href":"https:\/\/laurbedigital.com.ar\/noticias\/wp-json\/wp\/v2\/users\/1"}],"replies":[{"embeddable":true,"href":"https:\/\/laurbedigital.com.ar\/noticias\/wp-json\/wp\/v2\/comments?post=84835"}],"version-history":[{"count":2,"href":"https:\/\/laurbedigital.com.ar\/noticias\/wp-json\/wp\/v2\/posts\/84835\/revisions"}],"predecessor-version":[{"id":84838,"href":"https:\/\/laurbedigital.com.ar\/noticias\/wp-json\/wp\/v2\/posts\/84835\/revisions\/84838"}],"wp:featuredmedia":[{"embeddable":true,"href":"https:\/\/laurbedigital.com.ar\/noticias\/wp-json\/wp\/v2\/media\/84831"}],"wp:attachment":[{"href":"https:\/\/laurbedigital.com.ar\/noticias\/wp-json\/wp\/v2\/media?parent=84835"}],"wp:term":[{"taxonomy":"category","embeddable":true,"href":"https:\/\/laurbedigital.com.ar\/noticias\/wp-json\/wp\/v2\/categories?post=84835"},{"taxonomy":"post_tag","embeddable":true,"href":"https:\/\/laurbedigital.com.ar\/noticias\/wp-json\/wp\/v2\/tags?post=84835"}],"curies":[{"name":"wp","href":"https:\/\/api.w.org\/{rel}","templated":true}]}}