{"id":84626,"date":"2022-11-04T23:47:04","date_gmt":"2022-11-05T02:47:04","guid":{"rendered":"https:\/\/laurbedigital.com.ar\/noticias\/?p=84626"},"modified":"2022-11-04T23:47:04","modified_gmt":"2022-11-05T02:47:04","slug":"efemerides-del-5-de-noviembre","status":"publish","type":"post","link":"https:\/\/laurbedigital.com.ar\/noticias\/2022\/11\/04\/efemerides-del-5-de-noviembre\/","title":{"rendered":"Efem\u00e9rides del 5 de noviembre"},"content":{"rendered":"<p>&nbsp;<\/p>\n<h5>Conoc\u00e9 las efem\u00e9rides de hoy, s\u00e1bado5 de noviembre. Cu\u00e1les son los acontecimientos m\u00e1s importantes que se recuerdan.<\/h5>\n<p><strong>1911<\/strong>\u00a0&#8211; JOAQU\u00cdN C. SERANTES. Nace en Montevideo el relator y comentarista uruguayo de f\u00fatbol Joaqu\u00edn Carballo Serantes, popularmente conocido como Fioravanti, considerado uno de los m\u00e1s destacados en Argentina. Gan\u00f3 popularidad por sus transmisiones por las radios Splendid y El Mundo de Buenos Aires.<\/p>\n<p><strong>1918<\/strong>\u00a0&#8211; HOMERO EXP\u00d3SITO. Nace en la ciudad bonaerense de Campana el poeta y letrista Homero Exp\u00f3sito, autor de c\u00e9lebres tangos como \u00abNaranjo en flor\u00bb y \u00abFarol\u00bb.<\/p>\n<p><strong>1949<\/strong>\u00a0&#8211; MIGUEL CANTILO. Nace en Buenos Aires el m\u00fasico, compositor y cantante de rock Miguel Cantilo, quien form\u00f3 parte del popular d\u00fao \u201cPedro y Pablo\u201d y es el autor del cl\u00e1sico \u201cLa marcha de la bronca\u201d.<\/p>\n<p><strong>1954<\/strong>\u00a0&#8211; ALEJANDRO SABELLA. Nace en Buenos Aires el exfutbolista y entrenador Alejandro \u201cPachorra\u201d Sabella, quien dirigi\u00f3 a la selecci\u00f3n argentina subcampeona en el Mundial de Brasil 2014. Surgi\u00f3 en River Plate y se consagr\u00f3 en Estudiantes de la Plata, donde como entrenador gan\u00f3 la Copa Libertadores de Am\u00e9rica de 2009.<\/p>\n<p><strong>1975<\/strong>\u00a0&#8211; AGUST\u00cdN TOSCO. Muere en Buenos Aires, a los 45 a\u00f1os de edad, el sindicalista marxista Agust\u00edn Tosco, miembro de la CGT de los Argentinos en representaci\u00f3n del sindicato Luz y Fuerza. Fue uno de los principales actores del \u201cCordobazo\u201d, como se llam\u00f3 a la rebeli\u00f3n popular del 29 y 30 de mayo de 1969 desatada en C\u00f3rdoba contra la dictadura del general Juan Carlos Ongan\u00eda.<\/p>\n<p><strong>2009<\/strong>\u00a0&#8211; F\u00c9LIX LUNA. A la edad de 84 a\u00f1os muere en Buenos Aires el abogado, escritor, historiador y compositor F\u00e9lix Luna, fundador y director de la revista Todo es Historia. Es considerado uno de los historiadores argentinos m\u00e1s importantes del siglo XX.<\/p>\n<p><strong>2012<\/strong>\u00a0&#8211; LEONARDO FAVIO. Muere en Buenos Aires, a la edad de 74 a\u00f1os, el director de cine, compositor y cantante Leonardo Favio (Fuad Jorge Jury Olivera), autor de las pel\u00edculas Juan Moreira, Cr\u00f3nica de un ni\u00f1o solo y El romance del Aniceto y la Francisca, consideradas entre las mejores de la cinematograf\u00eda argentina.<\/p>\n<p><strong>2013<\/strong>\u00a0&#8211; JUAN CARLOS CALABR\u00d3. A la edad de 79 a\u00f1os muere en Buenos Aires el actor, locutor y humorista Juan Carlos Calabr\u00f3, quien gan\u00f3 gran popularidad en la televisi\u00f3n con sus personajes \u201cJohnny Tolengo\u201d, \u201cAn\u00edbal\u201d y \u201cEl contra\u201d.<\/p>\n","protected":false},"excerpt":{"rendered":"<p>&nbsp; Conoc\u00e9 las efem\u00e9rides de hoy, s\u00e1bado5 de noviembre. Cu\u00e1les son los acontecimientos m\u00e1s importantes que se recuerdan. 1911\u00a0&#8211; JOAQU\u00cdN<\/p>\n","protected":false},"author":1,"featured_media":84628,"comment_status":"closed","ping_status":"closed","sticky":false,"template":"","format":"standard","meta":{"kia_subtitle":"","footnotes":"","jetpack_publicize_message":"Efem\u00e9rides del 5 de noviembre","jetpack_publicize_feature_enabled":true,"jetpack_social_post_already_shared":true,"jetpack_social_options":{"image_generator_settings":{"template":"highway","default_image_id":0,"font":"","enabled":false},"version":2}},"categories":[5,2594],"tags":[],"class_list":["post-84626","post","type-post","status-publish","format-standard","has-post-thumbnail","hentry","category-cultura","category-efemerides"],"jetpack_publicize_connections":[],"jetpack_featured_media_url":"https:\/\/laurbedigital.com.ar\/noticias\/wp-content\/uploads\/2022\/11\/20221105-Leonardo-Favio.jpg","_links":{"self":[{"href":"https:\/\/laurbedigital.com.ar\/noticias\/wp-json\/wp\/v2\/posts\/84626","targetHints":{"allow":["GET"]}}],"collection":[{"href":"https:\/\/laurbedigital.com.ar\/noticias\/wp-json\/wp\/v2\/posts"}],"about":[{"href":"https:\/\/laurbedigital.com.ar\/noticias\/wp-json\/wp\/v2\/types\/post"}],"author":[{"embeddable":true,"href":"https:\/\/laurbedigital.com.ar\/noticias\/wp-json\/wp\/v2\/users\/1"}],"replies":[{"embeddable":true,"href":"https:\/\/laurbedigital.com.ar\/noticias\/wp-json\/wp\/v2\/comments?post=84626"}],"version-history":[{"count":2,"href":"https:\/\/laurbedigital.com.ar\/noticias\/wp-json\/wp\/v2\/posts\/84626\/revisions"}],"predecessor-version":[{"id":84634,"href":"https:\/\/laurbedigital.com.ar\/noticias\/wp-json\/wp\/v2\/posts\/84626\/revisions\/84634"}],"wp:featuredmedia":[{"embeddable":true,"href":"https:\/\/laurbedigital.com.ar\/noticias\/wp-json\/wp\/v2\/media\/84628"}],"wp:attachment":[{"href":"https:\/\/laurbedigital.com.ar\/noticias\/wp-json\/wp\/v2\/media?parent=84626"}],"wp:term":[{"taxonomy":"category","embeddable":true,"href":"https:\/\/laurbedigital.com.ar\/noticias\/wp-json\/wp\/v2\/categories?post=84626"},{"taxonomy":"post_tag","embeddable":true,"href":"https:\/\/laurbedigital.com.ar\/noticias\/wp-json\/wp\/v2\/tags?post=84626"}],"curies":[{"name":"wp","href":"https:\/\/api.w.org\/{rel}","templated":true}]}}