{"id":84548,"date":"2022-11-03T10:00:49","date_gmt":"2022-11-03T13:00:49","guid":{"rendered":"https:\/\/laurbedigital.com.ar\/noticias\/?p=84548"},"modified":"2022-11-02T20:30:48","modified_gmt":"2022-11-02T23:30:48","slug":"la-primera-vacuna-contra-la-bronquiolitis-promete-una-revolucion-en-la-medicina-pediatrica","status":"publish","type":"post","link":"https:\/\/laurbedigital.com.ar\/noticias\/2022\/11\/03\/la-primera-vacuna-contra-la-bronquiolitis-promete-una-revolucion-en-la-medicina-pediatrica\/","title":{"rendered":"La primera vacuna contra la bronquiolitis promete una \u00abrevoluci\u00f3n\u00bb en la medicina pedi\u00e1trica"},"content":{"rendered":"<p>&nbsp;<\/p>\n<h6>Es una vacuna pensada para d\u00e1rsela a la mam\u00e1, tal como ocurre con la vacuna de la gripe o la de la tos convulsa, para que el ni\u00f1o nazca preparado para hacer frente a estas enfermedades mediante los anticuerpos que le brinda la madre.<\/h6>\n<p>La primera vacuna materna contra la bronquiolitis logr\u00f3 una protecci\u00f3n de m\u00e1s del 80% en los ensayos cl\u00ednicos, lo que significa una<strong>\u00a0\u00abrevoluci\u00f3n\u00bb en la medicina pedi\u00e1trica para combatir esa infecci\u00f3n aguda respiratoria<\/strong>, una de las\u00a0<strong>principales causas de muerte de ni\u00f1os menores de un a\u00f1o<\/strong>, explicaron este mi\u00e9rcoles especialistas.<\/p>\n<p><strong>El laboratorio estadounidense Pfizer inform\u00f3 que la finalizaci\u00f3n del ensayo cl\u00ednico de Fase III arroj\u00f3 que la vacuna logr\u00f3 una protecci\u00f3n del 81,8% contra la infecci\u00f3n producida por el Virus Sincicial Respiratorio (VSR) en los primeros 90 d\u00edas de vida<\/strong>\u00a0y mantuvo una\u00a0<strong>eficacia del 69,4% hasta los seis meses<\/strong>.<\/p>\n<p>\u00ab<strong>Esta vacuna predice una revoluci\u00f3n en el sistema de salud. Los resultados son tremendamente concluyentes, la \u00faltima vez se pens\u00f3 en alcanzar un 40% de protecci\u00f3n y no se alcanz\u00f3, y ahora se super\u00f3 con creces.<\/strong>\u00a0Va a cambiar el curso de la enfermedad pedi\u00e1trica, porque va a liberar a los hospitales de tener tantos casos graves\u00bb, dijo a T\u00e9lam Fernando Polack, director cient\u00edfico de la Fundaci\u00f3n Infant.<\/p>\n<p>&nbsp;<\/p>\n","protected":false},"excerpt":{"rendered":"<p>&nbsp; Es una vacuna pensada para d\u00e1rsela a la mam\u00e1, tal como ocurre con la vacuna de la gripe o<\/p>\n","protected":false},"author":1,"featured_media":84540,"comment_status":"closed","ping_status":"closed","sticky":false,"template":"","format":"standard","meta":{"kia_subtitle":"","footnotes":"","jetpack_publicize_message":"La primera vacuna contra la bronquiolitis promete una \"revoluci\u00f3n\" en la medicina pedi\u00e1trica","jetpack_publicize_feature_enabled":true,"jetpack_social_post_already_shared":true,"jetpack_social_options":{"image_generator_settings":{"template":"highway","default_image_id":0,"font":"","enabled":false},"version":2}},"categories":[15,70],"tags":[],"class_list":["post-84548","post","type-post","status-publish","format-standard","has-post-thumbnail","hentry","category-tendencias","category-salud"],"jetpack_publicize_connections":[],"jetpack_featured_media_url":"https:\/\/laurbedigital.com.ar\/noticias\/wp-content\/uploads\/2022\/11\/20221103-Vacunacion.jpg","_links":{"self":[{"href":"https:\/\/laurbedigital.com.ar\/noticias\/wp-json\/wp\/v2\/posts\/84548","targetHints":{"allow":["GET"]}}],"collection":[{"href":"https:\/\/laurbedigital.com.ar\/noticias\/wp-json\/wp\/v2\/posts"}],"about":[{"href":"https:\/\/laurbedigital.com.ar\/noticias\/wp-json\/wp\/v2\/types\/post"}],"author":[{"embeddable":true,"href":"https:\/\/laurbedigital.com.ar\/noticias\/wp-json\/wp\/v2\/users\/1"}],"replies":[{"embeddable":true,"href":"https:\/\/laurbedigital.com.ar\/noticias\/wp-json\/wp\/v2\/comments?post=84548"}],"version-history":[{"count":2,"href":"https:\/\/laurbedigital.com.ar\/noticias\/wp-json\/wp\/v2\/posts\/84548\/revisions"}],"predecessor-version":[{"id":84550,"href":"https:\/\/laurbedigital.com.ar\/noticias\/wp-json\/wp\/v2\/posts\/84548\/revisions\/84550"}],"wp:featuredmedia":[{"embeddable":true,"href":"https:\/\/laurbedigital.com.ar\/noticias\/wp-json\/wp\/v2\/media\/84540"}],"wp:attachment":[{"href":"https:\/\/laurbedigital.com.ar\/noticias\/wp-json\/wp\/v2\/media?parent=84548"}],"wp:term":[{"taxonomy":"category","embeddable":true,"href":"https:\/\/laurbedigital.com.ar\/noticias\/wp-json\/wp\/v2\/categories?post=84548"},{"taxonomy":"post_tag","embeddable":true,"href":"https:\/\/laurbedigital.com.ar\/noticias\/wp-json\/wp\/v2\/tags?post=84548"}],"curies":[{"name":"wp","href":"https:\/\/api.w.org\/{rel}","templated":true}]}}