{"id":84536,"date":"2022-11-03T08:10:07","date_gmt":"2022-11-03T11:10:07","guid":{"rendered":"https:\/\/laurbedigital.com.ar\/noticias\/?p=84536"},"modified":"2022-11-02T19:59:34","modified_gmt":"2022-11-02T22:59:34","slug":"pidieron-prision-perpetua-para-los-expolicias-acusados-de-la-masacre-de-wilde","status":"publish","type":"post","link":"https:\/\/laurbedigital.com.ar\/noticias\/2022\/11\/03\/pidieron-prision-perpetua-para-los-expolicias-acusados-de-la-masacre-de-wilde\/","title":{"rendered":"Pidieron prisi\u00f3n perpetua para los expolic\u00edas acusados de la \u00abMasacre de Wilde\u00bb"},"content":{"rendered":"<p>&nbsp;<\/p>\n<h6><strong>El caso de gatillo f\u00e1cil se registr\u00f3 en 1994 y los acusados, Roberto Mantel, Eduardo G\u00f3mez, Osvaldo Lorenz\u00f3n, Marciano Gonz\u00e1lez y Pablo Dudek, Julio Gatto y Marcelo Valenga llegaron al debate en libertad.<\/strong><\/h6>\n<p>Una fiscal pidi\u00f3 este mi\u00e9rcoles que sean condenados a prisi\u00f3n perpetua siete expolic\u00edas bonaerenses acusados de ser coautores de la denominada<strong>\u00a0\u00abMasacre de Wilde\u00bb, un emblem\u00e1tico caso de \u00abgatillo f\u00e1cil\u00bb cometido en 1994\u00a0<\/strong>en esa localidad del partido de Avellaneda, donde cuatro inocentes fueron asesinados por efectivos policiales vestidos de civil que presuntamente los confundieron con delincuentes y los mataron a sangre fr\u00eda.<\/p>\n<p>El pedido fue formulado por la fiscal Viviana Sim\u00f3n al alegar ante el Tribunal Oral Criminal 3 de Lomas de Zamora, integrado por los jueces Marcelo Hugo Dellature, Luis Miguel Gabi\u00e1n y Claudio Fern\u00e1ndez, a cargo del debate.<\/p>\n<p>Los acusados son los excomisarios Roberto Mantel y Eduardo G\u00f3mez; el exoficial Osvaldo Lorenz\u00f3n; los exsubtenientes Marciano Gonz\u00e1lez y Pablo Dudek; y los exoficiales Julio Gatto y Marcelo Valenga, quienes llegaron al debate en libertad y acusados de asesinar a Edgardo Cicut\u00edn, Norberto Corbo, Gustavo Mendoza y Enrique Bielsa y de intentar matar al \u00fanico sobreviviente Claudio D\u00edaz.<\/p>\n<p>Durante su alegato, la fiscal manifest\u00f3 que en base a todos los elementos mencionados, analizados y valorados en el juicio\u00a0<strong>se puede \u00abtener por acreditado no solo el hecho sino tambi\u00e9n la coautor\u00eda penalmente responsable en el mismo de todos los<\/strong>\u00a0procesados\u201d.<\/p>\n<p>Para Sim\u00f3n\u00a0<strong>existi\u00f3 entre los imputados un \u00abacuerdo previo para matar entre todos\u00bb<\/strong>, ya que la prueba demuestra que \u00abse organizaron con medios, veh\u00edculos, armas de fuego y cantidad de participantes para consumar la muerte y ejecutar a las v\u00edctimas\u00bb, a las que emboscaron en la zona de Wilde.<\/p>\n<p>\u00abLa acci\u00f3n de cada imputado no es de un mero part\u00edcipe sino de los que mantienen dominio sobre el hecho\u00bb, asever\u00f3 la representante del Ministerio P\u00fablico al calificar el hecho como \u00abun ataque m\u00faltiple a cinco seres humanos realizado ordenadamente y siguiendo un plan previamente acordado\u00bb.<\/p>\n<p>Por tal motivo,\u00a0<strong>Sim\u00f3n pidi\u00f3 que los siete expolic\u00edas que son sometidos a juicio sean declarados \u00abcoautores penalmente responsables del delito de \u2018homicidio calificado por el concurso premeditado de dos o m\u00e1s personas<\/strong>, reiterado, cuatro hechos y homicidio calificado por el concurso premeditado de dos o m\u00e1s personas un hecho en grado en tentativa todos en concurso real entre s\u00ed\u201d.<\/p>\n<p>Adem\u00e1s pidi\u00f3 que, de ser condenados, todos ellos queden \u00abinmediatamente detenidos\u00bb.<\/p>\n<p><strong>El juicio empez\u00f3 el 17 de octubre de este a\u00f1o y continuar\u00e1 este jueves a las 9\u00a0<\/strong>con transmisi\u00f3n en vivo a trav\u00e9s del canal de Youtube de la Suprema Corte de Justicia de la provincia de Buenos Aires, cuando sea el turno del alegato del abogado Ciro Annicchiarico, quien representa a Raquel Gazzanego, esposa de Edgardo Cicut\u00edn, uno de los hombres asesinados en el hecho, a sus hijos y a Claudio D\u00edaz, el \u00fanico sobreviviente de la masacre.<\/p>\n<p>Raquel, en di\u00e1logo con T\u00e9lam, dijo que<strong>\u00a0el alegato de la fiscal\u00eda fue \u00abmuy bueno\u00bb\u00a0<\/strong>y que \u00abes necesario llegar a una justa justicia, no solamente para que me digan qui\u00e9n mand\u00f3 a Edgardo sino tambi\u00e9n &#8216;por qu\u00e9&#8217; se confundieron y la raz\u00f3n de ese &#8216;lamentable error&#8217; como ellos (los imputados) siempre dijeron que cometieron\u00bb.<\/p>\n<p>A su vez, la mujer agreg\u00f3 que la presentaci\u00f3n de la fiscal\u00eda fue \u00abcontundente\u00bb porque \u00abpidi\u00f3 una sentencia por las mismas cosas que vengo pidiendo\u00bb.<\/p>\n<p><strong>\u00abFue un &#8216;pelot\u00f3n de fusilamiento\u00b4<\/strong>\u00a0contra el auto de Claudio (D\u00edaz, el \u00fanico sobreviviente de la Masacre, quien fue uno de los testigos claves del juicio, que trabajaba y manejaba el auto en el que iba Cicut\u00edn el d\u00eda del hecho), contra Edgardo y contra el auto de Norberto Corbo donde iban Bielsa y Mendoza\u00bb.<\/p>\n<p>\u00abPone en claro que no es solamente culpable aquel que haya gatillado contra alguien en concreto sino que hace responsable a todos y, principalmente, tambi\u00e9n nombra a la falta de respuestas del Estado, no solamente por la falta de Justicia, que tuvimos que esperar mas de 28 a\u00f1os. sino la indefensi\u00f3n por parte del Estado a todas nosotras, a todas las v\u00edctimas\u00bb, concluy\u00f3 Gazzanego.<\/p>\n<p>Por su parte, Patricia Corbo, la mujer del remisero asesinado Norberto Corbo dijo a T\u00e9lam estar contenta de que \u00abse haya llegado finalmente al juicio oral\u00bb y agreg\u00f3,<strong>\u00a0respecto al alegato de la fiscal\u00eda, que fue \u00abtotalmente preciso y que no pas\u00f3 por alto ning\u00fan detalle\u00bb.<\/strong><\/p>\n<p>\u00abFue m\u00e1s que reconfortante para mi\u00bb, dijo la mujer, quien tambi\u00e9n agradeci\u00f3 a los medios de comunicaci\u00f3n y a los abogados querellantes que participan en el debate.<\/p>\n<p>\u00abLo que mas deseo, como dice Raquel, que lo dice una y otra vez para que se grabe en la cabeza de todos, no solamente por nosotras sino por muchos como nosotros, que siempre se llegue a una Justa Justicia\u00bb, concluy\u00f3 Patricia.<\/p>\n<h4><strong>La \u00abMasacre de Wilde\u00bb<\/strong><\/h4>\n<p>Ocurri\u00f3 el 10 de enero de 1994 y tuvo como v\u00edctimas al remisero Norberto Corbo y a sus pasajeros, Gustavo Mendoza y Eduardo Bielsa, quienes viajaban a bordo de un Peugeot 505, y al vendedor de libros Cicut\u00edn, que se trasladaba en un Dodge 1500, conducido por D\u00edaz, el \u00fanico que sobrevivi\u00f3 al ataque.<\/p>\n<p>Los cinco<strong>\u00a0fueron atacados a tiros por efectivos de la Brigada de Investigaciones de Lan\u00fas que al parecer los confundieron con delincuentes<\/strong>\u00a0y les dispararon cerca de 200 veces clon pistolas calibre 9 mil\u00edmetros y al menos un subfusil Uzi.<\/p>\n<p>Todos los exefectivos afrontan cargos por los delitos de \u00abcu\u00e1druple homicidio simple y un homicidio simple en grado de tentativa\u00bb, por la \u00fanica v\u00edctima del ataque que sobrevivi\u00f3.<\/p>\n<p>En principio, los polic\u00edas que intervinieron en el hecho fueron detenidos, aunque la C\u00e1mara de Apelaciones y Garant\u00edas los sobresey\u00f3 y liber\u00f3.<\/p>\n<p>Adem\u00e1s de quienes llegaron a juicio, estaban imputados el comisario C\u00e9sar C\u00f3rdoba, Carlos Saladino y Hugo Reyes, (ya fallecidos), todos integrantes de la brigada cuyo subjefe era el entonces comisario y actual abogado Juan Jos\u00e9 Ribelli, procesado y luego absuelto por el atentado a la AMIA y quien no estaba en el pa\u00eds cuando ocurri\u00f3 el hecho.<\/p>\n<p><strong>Tras apelaciones de familiares de las v\u00edctimas, en 2003 y en 2007 volvieron a ser sobrese\u00eddos por la misma medida.<\/strong><\/p>\n<p>No obstante, la causa sigui\u00f3 su curso hasta la Suprema Corte de Justicia bonaerense, que en 2013 orden\u00f3 reabrir el expediente y anular los sobreseimientos al sostener que \u00aba\u00fan cuando se considerase que el cu\u00e1druple homicidio investigado no configura un delito de lesa humanidad, es indudable que s\u00ed constituy\u00f3 una grav\u00edsima violaci\u00f3n de los derechos humanos\u00bb.t\u00e9lam<\/p>\n","protected":false},"excerpt":{"rendered":"<p>&nbsp; El caso de gatillo f\u00e1cil se registr\u00f3 en 1994 y los acusados, Roberto Mantel, Eduardo G\u00f3mez, Osvaldo Lorenz\u00f3n, Marciano<\/p>\n","protected":false},"author":1,"featured_media":84541,"comment_status":"closed","ping_status":"closed","sticky":false,"template":"","format":"standard","meta":{"kia_subtitle":"","footnotes":"","jetpack_publicize_message":"Pidieron prisi\u00f3n perpetua para los expolic\u00edas acusados de la \"Masacre de Wilde\"","jetpack_publicize_feature_enabled":true,"jetpack_social_post_already_shared":true,"jetpack_social_options":{"image_generator_settings":{"template":"highway","default_image_id":0,"font":"","enabled":false},"version":2}},"categories":[8],"tags":[],"class_list":["post-84536","post","type-post","status-publish","format-standard","has-post-thumbnail","hentry","category-policiales"],"jetpack_publicize_connections":[],"jetpack_featured_media_url":"https:\/\/laurbedigital.com.ar\/noticias\/wp-content\/uploads\/2022\/11\/20221103-Wilde.jpg","_links":{"self":[{"href":"https:\/\/laurbedigital.com.ar\/noticias\/wp-json\/wp\/v2\/posts\/84536","targetHints":{"allow":["GET"]}}],"collection":[{"href":"https:\/\/laurbedigital.com.ar\/noticias\/wp-json\/wp\/v2\/posts"}],"about":[{"href":"https:\/\/laurbedigital.com.ar\/noticias\/wp-json\/wp\/v2\/types\/post"}],"author":[{"embeddable":true,"href":"https:\/\/laurbedigital.com.ar\/noticias\/wp-json\/wp\/v2\/users\/1"}],"replies":[{"embeddable":true,"href":"https:\/\/laurbedigital.com.ar\/noticias\/wp-json\/wp\/v2\/comments?post=84536"}],"version-history":[{"count":2,"href":"https:\/\/laurbedigital.com.ar\/noticias\/wp-json\/wp\/v2\/posts\/84536\/revisions"}],"predecessor-version":[{"id":84543,"href":"https:\/\/laurbedigital.com.ar\/noticias\/wp-json\/wp\/v2\/posts\/84536\/revisions\/84543"}],"wp:featuredmedia":[{"embeddable":true,"href":"https:\/\/laurbedigital.com.ar\/noticias\/wp-json\/wp\/v2\/media\/84541"}],"wp:attachment":[{"href":"https:\/\/laurbedigital.com.ar\/noticias\/wp-json\/wp\/v2\/media?parent=84536"}],"wp:term":[{"taxonomy":"category","embeddable":true,"href":"https:\/\/laurbedigital.com.ar\/noticias\/wp-json\/wp\/v2\/categories?post=84536"},{"taxonomy":"post_tag","embeddable":true,"href":"https:\/\/laurbedigital.com.ar\/noticias\/wp-json\/wp\/v2\/tags?post=84536"}],"curies":[{"name":"wp","href":"https:\/\/api.w.org\/{rel}","templated":true}]}}