{"id":83980,"date":"2022-10-20T18:18:39","date_gmt":"2022-10-20T21:18:39","guid":{"rendered":"https:\/\/laurbedigital.com.ar\/noticias\/?p=83980"},"modified":"2022-10-20T18:18:39","modified_gmt":"2022-10-20T21:18:39","slug":"a-un-mes-del-mundial-el-municipio-homenajea-a-maradona-y-a-enrique-con-un-mural-en-burzaco","status":"publish","type":"post","link":"https:\/\/laurbedigital.com.ar\/noticias\/2022\/10\/20\/a-un-mes-del-mundial-el-municipio-homenajea-a-maradona-y-a-enrique-con-un-mural-en-burzaco\/","title":{"rendered":"A un mes del mundial, el Municipio homenajea a Maradona y a Enrique con un mural en Burzaco"},"content":{"rendered":"<p>&nbsp;<\/p>\n<h6 style=\"font-weight: 400;\"><strong>Cuando falta exactamente un mes para el inicio del Mundial de F\u00fatbol \u00abQatar 2022\u00bb, el Municipio de Almirante Brown present\u00f3 un nuevo mural en homenaje a Diego Armando Maradona y a H\u00e9ctor \u00abEl Negro\u00bb Enrique, el ex futbolista browniano campe\u00f3n del Mundial en M\u00e9xico 86 que le dio el pase a Diego para que realice el mejor gol de todos los mundiales.<\/strong><\/h6>\n<p style=\"font-weight: 400;\">Este mural, que se encuentra en la intersecci\u00f3n de las calles Carlos Sastre y Prieto, de Burzaco, se enmarca en el programa \u00abCiudad Museo a Cielo Abierto\u00bb del Instituto de las Culturas Brown con el que ya se concretaron decenas de obras art\u00edsticas que embellecen las paredes de nuestro distrito.<\/p>\n<p>En este caso la obra fue realizada por los artistas locales Gabo y TiN y en ella est\u00e1n representadas las figuras de los futbolistas levantando la copa, envueltos en una bandera celeste y blanca.<\/p>\n<p><img loading=\"lazy\" decoding=\"async\" class=\"alignnone size-full wp-image-83983\" src=\"https:\/\/laurbedigital.com.ar\/noticias\/wp-content\/uploads\/2022\/10\/maradona2.jpg\" alt=\"\" width=\"1280\" height=\"853\" title=\"\" srcset=\"https:\/\/laurbedigital.com.ar\/noticias\/wp-content\/uploads\/2022\/10\/maradona2.jpg 1280w, https:\/\/laurbedigital.com.ar\/noticias\/wp-content\/uploads\/2022\/10\/maradona2-300x200.jpg 300w, https:\/\/laurbedigital.com.ar\/noticias\/wp-content\/uploads\/2022\/10\/maradona2-1024x682.jpg 1024w, https:\/\/laurbedigital.com.ar\/noticias\/wp-content\/uploads\/2022\/10\/maradona2-768x512.jpg 768w\" sizes=\"auto, (max-width: 1280px) 100vw, 1280px\" \/><\/p>\n<p>Esta pol\u00edtica p\u00fablica de embellecimiento urbano logr\u00f3 posicionar a nuestro distrito como uno de los referentes en cuanto a la cantidad y calidad de murales en la v\u00eda p\u00fablica, motivo por el que en distintos rincones los vecinos y vecinas podr\u00e1n encontrar homenajes y referencias que ilustran\u00a0im\u00e1genes de pel\u00edculas de culto, series, \u00edconos deportivos, referentes musicales, literarios, sociales y de la cultura.<\/p>\n<h6 style=\"font-weight: 400;\"><strong>\u00abLos murales son la expresi\u00f3n de la cultura de nuestro pueblo. Por eso en Almirante Brown le estamos cambiando la cara a los muros de los barrios y las localidades poni\u00e9ndole color y arte a las paredes\u00bb, indic\u00f3 Mariano Cascallares adelantando que continuar\u00e1 avanzando este programa cultural tan exitoso en nuestro distrito.<\/strong><\/h6>\n<h6 style=\"font-weight: 400;\"><strong>Por su parte, el intendente interino de Almirante Brown, Juan Fabiani, subray\u00f3 que \u201ceste programa es muy importante porque tiene que ver con el embellecimiento de nuestros espacios y tambi\u00e9n con el reconocimiento a personalidades u obras art\u00edsticas muy queridas por nuestro pueblo\u201d.<\/strong><\/h6>\n<p style=\"font-weight: 400;\">Adem\u00e1s de los murales futbol\u00edsticos en homenaje a Maradona, Messi y a las figuras de la Selecci\u00f3n Argentina, en distintos espacios de la Comuna pueden encontrarse tambi\u00e9n referencias a pel\u00edculas como Esperando la Carroza y programas televisivos como Los Simuladores o Peter Capusotto y sus videos.<\/p>\n<p>Tambi\u00e9n a referentes de nuestra cultura como Quino y Mar\u00eda Elena Walsh o a artistas musicales como el Indio Solari, Mercedes Sosa, Charly Garc\u00eda, Jaime Torres, Teresa Parodi, Atahualpa Yupanqui y Pappo, entre muchos otros.<\/p>\n<p>&nbsp;<\/p>\n<p>&nbsp;<\/p>\n","protected":false},"excerpt":{"rendered":"<p>&nbsp; Cuando falta exactamente un mes para el inicio del Mundial de F\u00fatbol \u00abQatar 2022\u00bb, el Municipio de Almirante Brown<\/p>\n","protected":false},"author":1,"featured_media":83981,"comment_status":"closed","ping_status":"closed","sticky":false,"template":"","format":"standard","meta":{"kia_subtitle":"","footnotes":"","jetpack_publicize_message":"A un mes del mundial, el Municipio homenajea a Maradona y a Enrique con un mural en Burzaco","jetpack_publicize_feature_enabled":true,"jetpack_social_post_already_shared":true,"jetpack_social_options":{"image_generator_settings":{"template":"highway","default_image_id":0,"font":"","enabled":false},"version":2}},"categories":[2,51,43],"tags":[],"class_list":["post-83980","post","type-post","status-publish","format-standard","has-post-thumbnail","hentry","category-alte-brown","category-adrogue","category-burzaco"],"jetpack_publicize_connections":[],"jetpack_featured_media_url":"https:\/\/laurbedigital.com.ar\/noticias\/wp-content\/uploads\/2022\/10\/20221020-Brown-mural-maradona.jpg","_links":{"self":[{"href":"https:\/\/laurbedigital.com.ar\/noticias\/wp-json\/wp\/v2\/posts\/83980","targetHints":{"allow":["GET"]}}],"collection":[{"href":"https:\/\/laurbedigital.com.ar\/noticias\/wp-json\/wp\/v2\/posts"}],"about":[{"href":"https:\/\/laurbedigital.com.ar\/noticias\/wp-json\/wp\/v2\/types\/post"}],"author":[{"embeddable":true,"href":"https:\/\/laurbedigital.com.ar\/noticias\/wp-json\/wp\/v2\/users\/1"}],"replies":[{"embeddable":true,"href":"https:\/\/laurbedigital.com.ar\/noticias\/wp-json\/wp\/v2\/comments?post=83980"}],"version-history":[{"count":2,"href":"https:\/\/laurbedigital.com.ar\/noticias\/wp-json\/wp\/v2\/posts\/83980\/revisions"}],"predecessor-version":[{"id":83985,"href":"https:\/\/laurbedigital.com.ar\/noticias\/wp-json\/wp\/v2\/posts\/83980\/revisions\/83985"}],"wp:featuredmedia":[{"embeddable":true,"href":"https:\/\/laurbedigital.com.ar\/noticias\/wp-json\/wp\/v2\/media\/83981"}],"wp:attachment":[{"href":"https:\/\/laurbedigital.com.ar\/noticias\/wp-json\/wp\/v2\/media?parent=83980"}],"wp:term":[{"taxonomy":"category","embeddable":true,"href":"https:\/\/laurbedigital.com.ar\/noticias\/wp-json\/wp\/v2\/categories?post=83980"},{"taxonomy":"post_tag","embeddable":true,"href":"https:\/\/laurbedigital.com.ar\/noticias\/wp-json\/wp\/v2\/tags?post=83980"}],"curies":[{"name":"wp","href":"https:\/\/api.w.org\/{rel}","templated":true}]}}